{"id":12516,"date":"2016-05-06T14:58:50","date_gmt":"2016-05-06T14:58:50","guid":{"rendered":""},"modified":"2016-05-06T14:58:50","modified_gmt":"2016-05-06T14:58:50","slug":"suramericano-de-softbol-mayor-inicia-este-domingo-8-de-mayo","status":"publish","type":"post","link":"https:\/\/sertv.gob.pa\/nacionalfm\/suramericano-de-softbol-mayor-inicia-este-domingo-8-de-mayo\/","title":{"rendered":"Suramericano  de Softbol Mayor inicia este domingo 8 de mayo"},"content":{"rendered":"<p>\nPanam\u00e1 ser\u00e1 sede del Campeonato Suramericano de Softbol Mayor Masculino, que tendr\u00e1 como escenario la Ciudad Deportiva Kiwanis en Ciudad del Saber, Clayton, el evento se efectuar\u00e1 del 8 al 14 de mayo. <\/p>\n<p>Este torneo que organiza la Federaci\u00f3n Paname\u00f1a de Softbol (FEPASOFT), junto el apoyo del Instituto Paname\u00f1o de Deportes (PANDEPORTES) y el aval de la Confederaci\u00f3n Suramericana de Softbol, participar\u00e1n las delegaciones de Argentina (2), Colombia, Venezuela, Aruba, Ecuador, Per\u00fa y el actual campe\u00f3n Panam\u00e1 (2). <\/p>\n<p>Danilo Velasco, presidente de FEPASOFT, coment\u00f3 que este torneo tendr\u00e1 como novedad que cada equipo tiene la opci\u00f3n de reforzarse con un lanzador extranjero, por lo que las novenas paname\u00f1as tendr\u00e1n el apoyo de los serpentineros Alain Rom\u00e1n de Cuba, quien estar\u00e1 en el equipo A, mientras, el argentino Fabio Silvestre, lo har\u00e1 en el B. <\/p>\n<p>A\u00f1adi\u00f3 que ambas novenas se encuentran prepar\u00e1ndose hace m\u00e1s de un mes, bajo la direcci\u00f3n t\u00e9cnica de Segundo Guti\u00e9rrez (equipo A)\u00a0 y Marcos De Le\u00f3n (equipo B).\u00a0 <\/p>\n","protected":false},"excerpt":{"rendered":"<p>Panam\u00e1 ser\u00e1 sede del Campeonato Suramericano de Softbol Mayor Masculino, <a href=\"https:\/\/sertv.gob.pa\/nacionalfm\/suramericano-de-softbol-mayor-inicia-este-domingo-8-de-mayo\/\"> [&#8230;]<\/a><\/p>\n","protected":false},"author":1,"featured_media":12517,"comment_status":"closed","ping_status":"closed","sticky":false,"template":"","format":"standard","meta":{"footnotes":""},"categories":[4],"tags":[],"class_list":["post-12516","post","type-post","status-publish","format-standard","has-post-thumbnail","hentry","category-deportes"],"_links":{"self":[{"href":"https:\/\/sertv.gob.pa\/nacionalfm\/wp-json\/wp\/v2\/posts\/12516","targetHints":{"allow":["GET"]}}],"collection":[{"href":"https:\/\/sertv.gob.pa\/nacionalfm\/wp-json\/wp\/v2\/posts"}],"about":[{"href":"https:\/\/sertv.gob.pa\/nacionalfm\/wp-json\/wp\/v2\/types\/post"}],"author":[{"embeddable":true,"href":"https:\/\/sertv.gob.pa\/nacionalfm\/wp-json\/wp\/v2\/users\/1"}],"replies":[{"embeddable":true,"href":"https:\/\/sertv.gob.pa\/nacionalfm\/wp-json\/wp\/v2\/comments?post=12516"}],"version-history":[{"count":0,"href":"https:\/\/sertv.gob.pa\/nacionalfm\/wp-json\/wp\/v2\/posts\/12516\/revisions"}],"wp:featuredmedia":[{"embeddable":true,"href":"https:\/\/sertv.gob.pa\/nacionalfm\/wp-json\/wp\/v2\/media\/12517"}],"wp:attachment":[{"href":"https:\/\/sertv.gob.pa\/nacionalfm\/wp-json\/wp\/v2\/media?parent=12516"}],"wp:term":[{"taxonomy":"category","embeddable":true,"href":"https:\/\/sertv.gob.pa\/nacionalfm\/wp-json\/wp\/v2\/categories?post=12516"},{"taxonomy":"post_tag","embeddable":true,"href":"https:\/\/sertv.gob.pa\/nacionalfm\/wp-json\/wp\/v2\/tags?post=12516"}],"curies":[{"name":"wp","href":"https:\/\/api.w.org\/{rel}","templated":true}]}}