{"id":12518,"date":"2016-05-06T15:08:36","date_gmt":"2016-05-06T15:08:36","guid":{"rendered":""},"modified":"2016-05-06T15:08:36","modified_gmt":"2016-05-06T15:08:36","slug":"lesbia-de-moss-organiza-homenaje-al-campeon-invisible-corrales","status":"publish","type":"post","link":"https:\/\/sertv.gob.pa\/nacionalfm\/lesbia-de-moss-organiza-homenaje-al-campeon-invisible-corrales\/","title":{"rendered":"Lesbia de Moss organiza homenaje al campe\u00f3n \u201cInvisible\u201d Corrales"},"content":{"rendered":"<p>\nEl nuevo supercampe\u00f3n superpluma de la Asociaci\u00f3n Mundial de Boxeo Jezrrel &ldquo;El Invisible&rdquo; Corrales, luego de su impresionante victoria por K.O. en el segundo asalto al hasta ese entonces invicto y supercampe\u00f3n el japon\u00e9s, Takashi Uchiyama, recibi\u00f3 un sencillo pero significativo homenaje por parte de su apoderada, Lesbia de Moss, al cual asistieron su padre, directivos de Promociones y Eventos del Istmo y periodistas especializados en boxeo. <\/p>\n<p>El p\u00fagil Corrales agradeci\u00f3 el apoyo brindado por su padre, por su apoderada lesbia de Moss, de Rogelio Espinho y de su actual entrenador Juan &ldquo;El Novelista&rdquo; Mosquera. <\/p>\n<p>Corrales en forma muy humilde record\u00f3 su cuna como boxeador, cosa que muy pocos campeones recuerdan, como a Agust\u00edn &ldquo;El Cholo&rdquo; Cede\u00f1o quien fue su primer entrenador, Pedro &ldquo;Pell\u00edn&rdquo; \u00c1vila, muy especialmente a Jos\u00e9 &ldquo;Yaco&rdquo; Gonz\u00e1lez y a Jos\u00e9 Murillo quienes forjaron su carrera a inicios del boxeo profesional, de igual manera agradeci\u00f3 la asistencia de Juan &ldquo;Juancito&rdquo; Mosquera, quien lo venido asistiendo en sus \u00faltimos combates box\u00edsticos. <\/p>\n<p>Jezrrel Corrales que si no es por el apoyo y la insistencia de su se\u00f1or padre, en estos momentos estuviera sumergido en la delincuencia o con una bala dentro de su cuerpo. <\/p>\n<p>Rogelio Espinho manifest\u00f3 que tiene una opci\u00f3n para combatir en Jap\u00f3n con cualquier retador, pero que de momento tratar\u00e1 de programarle una defensa opcional en Panam\u00e1 para el mes de agosto. <\/p>\n","protected":false},"excerpt":{"rendered":"<p>El nuevo supercampe\u00f3n superpluma de la Asociaci\u00f3n Mundial de Boxeo <a href=\"https:\/\/sertv.gob.pa\/nacionalfm\/lesbia-de-moss-organiza-homenaje-al-campeon-invisible-corrales\/\"> [&#8230;]<\/a><\/p>\n","protected":false},"author":1,"featured_media":12519,"comment_status":"closed","ping_status":"closed","sticky":false,"template":"","format":"standard","meta":{"footnotes":""},"categories":[4],"tags":[],"class_list":["post-12518","post","type-post","status-publish","format-standard","has-post-thumbnail","hentry","category-deportes"],"_links":{"self":[{"href":"https:\/\/sertv.gob.pa\/nacionalfm\/wp-json\/wp\/v2\/posts\/12518","targetHints":{"allow":["GET"]}}],"collection":[{"href":"https:\/\/sertv.gob.pa\/nacionalfm\/wp-json\/wp\/v2\/posts"}],"about":[{"href":"https:\/\/sertv.gob.pa\/nacionalfm\/wp-json\/wp\/v2\/types\/post"}],"author":[{"embeddable":true,"href":"https:\/\/sertv.gob.pa\/nacionalfm\/wp-json\/wp\/v2\/users\/1"}],"replies":[{"embeddable":true,"href":"https:\/\/sertv.gob.pa\/nacionalfm\/wp-json\/wp\/v2\/comments?post=12518"}],"version-history":[{"count":0,"href":"https:\/\/sertv.gob.pa\/nacionalfm\/wp-json\/wp\/v2\/posts\/12518\/revisions"}],"wp:featuredmedia":[{"embeddable":true,"href":"https:\/\/sertv.gob.pa\/nacionalfm\/wp-json\/wp\/v2\/media\/12519"}],"wp:attachment":[{"href":"https:\/\/sertv.gob.pa\/nacionalfm\/wp-json\/wp\/v2\/media?parent=12518"}],"wp:term":[{"taxonomy":"category","embeddable":true,"href":"https:\/\/sertv.gob.pa\/nacionalfm\/wp-json\/wp\/v2\/categories?post=12518"},{"taxonomy":"post_tag","embeddable":true,"href":"https:\/\/sertv.gob.pa\/nacionalfm\/wp-json\/wp\/v2\/tags?post=12518"}],"curies":[{"name":"wp","href":"https:\/\/api.w.org\/{rel}","templated":true}]}}