{"id":12522,"date":"2016-05-06T15:41:12","date_gmt":"2016-05-06T15:41:12","guid":{"rendered":""},"modified":"2016-05-06T15:41:12","modified_gmt":"2016-05-06T15:41:12","slug":"entregan-orden-de-proceder-para-parque-deportivo-en-pedregal","status":"publish","type":"post","link":"https:\/\/sertv.gob.pa\/nacionalfm\/entregan-orden-de-proceder-para-parque-deportivo-en-pedregal\/","title":{"rendered":"Entregan orden de proceder para parque deportivo en Pedregal"},"content":{"rendered":"<p>\nUna cancha sint\u00e9tica, adecuaciones de \u00e1reas verdes, un sendero para caminar y \u00e1rea de juegos para ni\u00f1os ser\u00e1n parte del nuevo Parque Deportivo de Monter\u00eda, en Pedregal. <\/p>\n<p>Para hacer efectivo el desarrollo de la propuesta, la Alcald\u00eda de Panam\u00e1 entreg\u00f3 la orden de proceder, este 5 de mayo, a la empresa Construcciones e Inspecciones Nacionales S, A., quienes tendr\u00e1n 240 d\u00edas calendarios desde ahora para culminar la obra. <\/p>\n<p>Con una inversi\u00f3n de $1, 041,759.49 la empresa desarrollar\u00e1 el dise\u00f1o final, generar\u00e1 los estudios de impacto ambiental, estudios de suelo y la ejecuci\u00f3n de la construcci\u00f3n, as\u00ed como el suministro de materiales. <\/p>\n<p>Este proyecto beneficiar\u00e1 a unos 40 mil residentes del \u00e1rea, adem\u00e1s de colindar con parvulario para beneficio directo de los ni\u00f1os del sector. <\/p>\n<p>Las instalaciones deportivas son parte de la integraci\u00f3n social que promueve el Municipio de Panam\u00e1 por medio del deporte. <\/p>\n<p>En el acto estuvieron autoridades locales como el representante de corregimiento de Pedregal, Luis Constante; la diputada del 8-10, Kathleen Levy y el diputado Edwin Z\u00fa\u00f1iga del circuito 8-10. <\/p>\n<p>\u00a0 <\/p>\n","protected":false},"excerpt":{"rendered":"<p>Una cancha sint\u00e9tica, adecuaciones de \u00e1reas verdes, un sendero para <a href=\"https:\/\/sertv.gob.pa\/nacionalfm\/entregan-orden-de-proceder-para-parque-deportivo-en-pedregal\/\"> [&#8230;]<\/a><\/p>\n","protected":false},"author":1,"featured_media":12523,"comment_status":"closed","ping_status":"closed","sticky":false,"template":"","format":"standard","meta":{"footnotes":""},"categories":[4],"tags":[],"class_list":["post-12522","post","type-post","status-publish","format-standard","has-post-thumbnail","hentry","category-deportes"],"_links":{"self":[{"href":"https:\/\/sertv.gob.pa\/nacionalfm\/wp-json\/wp\/v2\/posts\/12522","targetHints":{"allow":["GET"]}}],"collection":[{"href":"https:\/\/sertv.gob.pa\/nacionalfm\/wp-json\/wp\/v2\/posts"}],"about":[{"href":"https:\/\/sertv.gob.pa\/nacionalfm\/wp-json\/wp\/v2\/types\/post"}],"author":[{"embeddable":true,"href":"https:\/\/sertv.gob.pa\/nacionalfm\/wp-json\/wp\/v2\/users\/1"}],"replies":[{"embeddable":true,"href":"https:\/\/sertv.gob.pa\/nacionalfm\/wp-json\/wp\/v2\/comments?post=12522"}],"version-history":[{"count":0,"href":"https:\/\/sertv.gob.pa\/nacionalfm\/wp-json\/wp\/v2\/posts\/12522\/revisions"}],"wp:featuredmedia":[{"embeddable":true,"href":"https:\/\/sertv.gob.pa\/nacionalfm\/wp-json\/wp\/v2\/media\/12523"}],"wp:attachment":[{"href":"https:\/\/sertv.gob.pa\/nacionalfm\/wp-json\/wp\/v2\/media?parent=12522"}],"wp:term":[{"taxonomy":"category","embeddable":true,"href":"https:\/\/sertv.gob.pa\/nacionalfm\/wp-json\/wp\/v2\/categories?post=12522"},{"taxonomy":"post_tag","embeddable":true,"href":"https:\/\/sertv.gob.pa\/nacionalfm\/wp-json\/wp\/v2\/tags?post=12522"}],"curies":[{"name":"wp","href":"https:\/\/api.w.org\/{rel}","templated":true}]}}