{"id":12526,"date":"2016-05-06T15:55:03","date_gmt":"2016-05-06T15:55:03","guid":{"rendered":""},"modified":"2016-05-06T15:55:03","modified_gmt":"2016-05-06T15:55:03","slug":"en-chiriqui-con-primeras-lluvias-se-disparan-los-casos-de-dengue","status":"publish","type":"post","link":"https:\/\/sertv.gob.pa\/nacionalfm\/en-chiriqui-con-primeras-lluvias-se-disparan-los-casos-de-dengue\/","title":{"rendered":"En Chiriqu\u00ed, con primeras lluvias, se disparan los casos de dengue"},"content":{"rendered":"<p>\nEl Ministerio de Salud, en la provincia de Chiriqu\u00ed, hizo un llamado a la poblaci\u00f3n\u00a0 ante el n\u00famero de casos de dengue que se han registrado con las primeras lluvias, que ya ascienden a 23 personas infectadas. <\/p>\n<p>Patricio Camarena, jefe del departamento de Control de Vectores , expres\u00f3 que la poblaci\u00f3n no est\u00e1 tomando conciencia de lo grave del problema, ya que el foco de infestaci\u00f3n se mantiene por lo\u00a0 que no se descarta que los casos de zika puedan registrarse en poco tiempo en la provincia. <\/p>\n<p>Se\u00f1al\u00f3 \u00a0que apenas se han dado las primeras lluvias y los casos han aumentado a 23, siendo el corregimiento de Pedregal en David donde el nivel de infestaci\u00f3n se eleva a 5.0 % ;\u00a0 seguido por Bugabita con 3.7% ; y El Porvenir en Bugaba con 3.2%,\u00a0 mientras que en el distrito de Bar\u00fa el nivel est\u00e1 en 2.9%. <\/p>\n<p>El Minsa hizo un llamado a la poblaci\u00f3n para que tome conciencia y efect\u00fae \u00a0la limpieza en sus viviendas eliminando los criaderos del\u00a0 mosquito Aedes Aegypti. <\/p>\n","protected":false},"excerpt":{"rendered":"<p>El Ministerio de Salud, en la provincia de Chiriqu\u00ed, hizo <a href=\"https:\/\/sertv.gob.pa\/nacionalfm\/en-chiriqui-con-primeras-lluvias-se-disparan-los-casos-de-dengue\/\"> [&#8230;]<\/a><\/p>\n","protected":false},"author":1,"featured_media":12527,"comment_status":"closed","ping_status":"closed","sticky":false,"template":"","format":"standard","meta":{"footnotes":""},"categories":[5],"tags":[],"class_list":["post-12526","post","type-post","status-publish","format-standard","has-post-thumbnail","hentry","category-salud"],"_links":{"self":[{"href":"https:\/\/sertv.gob.pa\/nacionalfm\/wp-json\/wp\/v2\/posts\/12526","targetHints":{"allow":["GET"]}}],"collection":[{"href":"https:\/\/sertv.gob.pa\/nacionalfm\/wp-json\/wp\/v2\/posts"}],"about":[{"href":"https:\/\/sertv.gob.pa\/nacionalfm\/wp-json\/wp\/v2\/types\/post"}],"author":[{"embeddable":true,"href":"https:\/\/sertv.gob.pa\/nacionalfm\/wp-json\/wp\/v2\/users\/1"}],"replies":[{"embeddable":true,"href":"https:\/\/sertv.gob.pa\/nacionalfm\/wp-json\/wp\/v2\/comments?post=12526"}],"version-history":[{"count":0,"href":"https:\/\/sertv.gob.pa\/nacionalfm\/wp-json\/wp\/v2\/posts\/12526\/revisions"}],"wp:featuredmedia":[{"embeddable":true,"href":"https:\/\/sertv.gob.pa\/nacionalfm\/wp-json\/wp\/v2\/media\/12527"}],"wp:attachment":[{"href":"https:\/\/sertv.gob.pa\/nacionalfm\/wp-json\/wp\/v2\/media?parent=12526"}],"wp:term":[{"taxonomy":"category","embeddable":true,"href":"https:\/\/sertv.gob.pa\/nacionalfm\/wp-json\/wp\/v2\/categories?post=12526"},{"taxonomy":"post_tag","embeddable":true,"href":"https:\/\/sertv.gob.pa\/nacionalfm\/wp-json\/wp\/v2\/tags?post=12526"}],"curies":[{"name":"wp","href":"https:\/\/api.w.org\/{rel}","templated":true}]}}