{"id":1253,"date":"2014-08-26T05:00:00","date_gmt":"2014-08-26T05:00:00","guid":{"rendered":""},"modified":"2014-08-26T05:00:00","modified_gmt":"2014-08-26T05:00:00","slug":"4-mil-504-casos-de-dengue-a-nivel-nacional-han-sido-reportados","status":"publish","type":"post","link":"https:\/\/sertv.gob.pa\/nacionalfm\/4-mil-504-casos-de-dengue-a-nivel-nacional-han-sido-reportados\/","title":{"rendered":"4 mil 504 casos de dengue, a nivel nacional,  han sido reportados"},"content":{"rendered":"<p>\nHasta el 20 de agosto de 2014 se han registrados 4 mil 504 casos de dengue a nivel nacional, seg\u00fan estad\u00edsticas del Ministerio de Salud (Minsa). <\/p>\n<p>Des estos casos 389 casos se han reportado como s\u00edntoma de alarma, 19 graves y 8 de defunciones. <\/p>\n<p>Seg\u00fan Itza Mosca, directora general de Salud, advirti\u00f3 que la cifra podr\u00eda aumentar, debido a que todav\u00eda se investigan defunciones que est\u00e1n por clasificarse.\u00a0 @nacionalFm <\/p>\n<p>\u00a0 <\/p>\n","protected":false},"excerpt":{"rendered":"<p>Hasta el 20 de agosto de 2014 se han registrados <a href=\"https:\/\/sertv.gob.pa\/nacionalfm\/4-mil-504-casos-de-dengue-a-nivel-nacional-han-sido-reportados\/\"> [&#8230;]<\/a><\/p>\n","protected":false},"author":1,"featured_media":1254,"comment_status":"closed","ping_status":"closed","sticky":false,"template":"","format":"standard","meta":{"footnotes":""},"categories":[5],"tags":[],"class_list":["post-1253","post","type-post","status-publish","format-standard","has-post-thumbnail","hentry","category-salud"],"_links":{"self":[{"href":"https:\/\/sertv.gob.pa\/nacionalfm\/wp-json\/wp\/v2\/posts\/1253","targetHints":{"allow":["GET"]}}],"collection":[{"href":"https:\/\/sertv.gob.pa\/nacionalfm\/wp-json\/wp\/v2\/posts"}],"about":[{"href":"https:\/\/sertv.gob.pa\/nacionalfm\/wp-json\/wp\/v2\/types\/post"}],"author":[{"embeddable":true,"href":"https:\/\/sertv.gob.pa\/nacionalfm\/wp-json\/wp\/v2\/users\/1"}],"replies":[{"embeddable":true,"href":"https:\/\/sertv.gob.pa\/nacionalfm\/wp-json\/wp\/v2\/comments?post=1253"}],"version-history":[{"count":0,"href":"https:\/\/sertv.gob.pa\/nacionalfm\/wp-json\/wp\/v2\/posts\/1253\/revisions"}],"wp:featuredmedia":[{"embeddable":true,"href":"https:\/\/sertv.gob.pa\/nacionalfm\/wp-json\/wp\/v2\/media\/1254"}],"wp:attachment":[{"href":"https:\/\/sertv.gob.pa\/nacionalfm\/wp-json\/wp\/v2\/media?parent=1253"}],"wp:term":[{"taxonomy":"category","embeddable":true,"href":"https:\/\/sertv.gob.pa\/nacionalfm\/wp-json\/wp\/v2\/categories?post=1253"},{"taxonomy":"post_tag","embeddable":true,"href":"https:\/\/sertv.gob.pa\/nacionalfm\/wp-json\/wp\/v2\/tags?post=1253"}],"curies":[{"name":"wp","href":"https:\/\/api.w.org\/{rel}","templated":true}]}}