{"id":12530,"date":"2016-05-06T16:08:00","date_gmt":"2016-05-06T16:08:00","guid":{"rendered":""},"modified":"2016-05-06T16:08:00","modified_gmt":"2016-05-06T16:08:00","slug":"crean-espermatozoides-humanos-a-partir-de-celulas-de-la-piel","status":"publish","type":"post","link":"https:\/\/sertv.gob.pa\/nacionalfm\/crean-espermatozoides-humanos-a-partir-de-celulas-de-la-piel\/","title":{"rendered":"Crean espermatozoides humanos a partir de c\u00e9lulas de la piel"},"content":{"rendered":"<p>\nCient\u00edficos de Valencia (este de Espa\u00f1a) consiguieron crear espermatozoides humanos a partir de c\u00e9lulas de la piel que, aunque a\u00fan son incapaces de fecundar, suponen un paso importante para resolver los problemas de fertilidad, explicaron a la AFP. <\/p>\n<p>Un 15% de las parejas del mundo se enfrentan a ello: no pueden tener hijos y su \u00fanica opci\u00f3n pasa por la donaci\u00f3n de \u00f3vulos o esperma de terceros. Pero &lsquo;todo el mundo quiere tener hijos gen\u00e9ticamente propios&#8217;, explica a la AFP Carlos Sim\u00f3n, director cient\u00edfico del Instituto Valenciano de Infertilidad (IVI). <\/p>\n<p>&lsquo;\u00bfQu\u00e9 pasa cuando una persona que quiere tener un hijo carece de gametos (las c\u00e9lulas reproductoras, ovocitos o espermatozoides, ndlr)? Este es el problema que queremos abordar: poder crear gametos en aquellas personas que no los poseen&#8217;, afirm\u00f3 Sim\u00f3n. <\/p>\n<p>El estudio, realizado por el Instituto Valenciano de Infertilidad (IVI) en colaboraci\u00f3n con la universidad estadounidense de Standford, fue publicado el martes en la revista Scientific Reports , del prestigioso grupo cient\u00edfico Nature. <\/p>\n<p>\u00a0 <\/p>\n","protected":false},"excerpt":{"rendered":"<p>Cient\u00edficos de Valencia (este de Espa\u00f1a) consiguieron crear espermatozoides humanos <a href=\"https:\/\/sertv.gob.pa\/nacionalfm\/crean-espermatozoides-humanos-a-partir-de-celulas-de-la-piel\/\"> [&#8230;]<\/a><\/p>\n","protected":false},"author":1,"featured_media":12531,"comment_status":"closed","ping_status":"closed","sticky":false,"template":"","format":"standard","meta":{"footnotes":""},"categories":[5],"tags":[],"class_list":["post-12530","post","type-post","status-publish","format-standard","has-post-thumbnail","hentry","category-salud"],"_links":{"self":[{"href":"https:\/\/sertv.gob.pa\/nacionalfm\/wp-json\/wp\/v2\/posts\/12530","targetHints":{"allow":["GET"]}}],"collection":[{"href":"https:\/\/sertv.gob.pa\/nacionalfm\/wp-json\/wp\/v2\/posts"}],"about":[{"href":"https:\/\/sertv.gob.pa\/nacionalfm\/wp-json\/wp\/v2\/types\/post"}],"author":[{"embeddable":true,"href":"https:\/\/sertv.gob.pa\/nacionalfm\/wp-json\/wp\/v2\/users\/1"}],"replies":[{"embeddable":true,"href":"https:\/\/sertv.gob.pa\/nacionalfm\/wp-json\/wp\/v2\/comments?post=12530"}],"version-history":[{"count":0,"href":"https:\/\/sertv.gob.pa\/nacionalfm\/wp-json\/wp\/v2\/posts\/12530\/revisions"}],"wp:featuredmedia":[{"embeddable":true,"href":"https:\/\/sertv.gob.pa\/nacionalfm\/wp-json\/wp\/v2\/media\/12531"}],"wp:attachment":[{"href":"https:\/\/sertv.gob.pa\/nacionalfm\/wp-json\/wp\/v2\/media?parent=12530"}],"wp:term":[{"taxonomy":"category","embeddable":true,"href":"https:\/\/sertv.gob.pa\/nacionalfm\/wp-json\/wp\/v2\/categories?post=12530"},{"taxonomy":"post_tag","embeddable":true,"href":"https:\/\/sertv.gob.pa\/nacionalfm\/wp-json\/wp\/v2\/tags?post=12530"}],"curies":[{"name":"wp","href":"https:\/\/api.w.org\/{rel}","templated":true}]}}