{"id":12544,"date":"2016-05-06T21:04:02","date_gmt":"2016-05-06T21:04:02","guid":{"rendered":""},"modified":"2016-05-06T21:04:02","modified_gmt":"2016-05-06T21:04:02","slug":"torneo-de-taekwondo-manana-y-el-domingo-en-boquete-chiriqui","status":"publish","type":"post","link":"https:\/\/sertv.gob.pa\/nacionalfm\/torneo-de-taekwondo-manana-y-el-domingo-en-boquete-chiriqui\/","title":{"rendered":"Torneo de Taekwondo ma\u00f1ana y el domingo en Boquete, Chiriqu\u00ed"},"content":{"rendered":"<p>\n Este s\u00e1bado y domingo, se realizar\u00e1 la II Copa Internacional Daedo en el gimnasio Los Naranjos de Boquete, Chiriqu\u00ed, torneo organizado por la Federaci\u00f3n Paname\u00f1a de Taekwondo, con el apoyo del Instituto Paname\u00f1o de Deportes.  <\/p>\n<p> El evento contar\u00e1 con la participaci\u00f3n de las provincias de Chiriqu\u00ed, Bocas del Toro, Veraguas, Col\u00f3n, Panam\u00e1 y Herreras, adem\u00e1s de todas las escuelas de taekwondo del pa\u00eds y clubes de Costa Rica, en las modalidades formas y combates de las categor\u00edas\u00a0 infantil, cadete, juvenil, y selecci\u00f3n mayor.   <\/p>\n<p> Mart\u00edn Peterson, director de la Comisi\u00f3n T\u00e9cnica de la federaci\u00f3n, coment\u00f3 que\u00a0 todos los combates ser\u00e1n evaluados, con miras a\u00a0 buscar los mejores talentos y ser incluidos al nuevo programa de ranking nacional que forma parte de la base de datos deportivos de la federaci\u00f3n.   <\/p>\n<p> El evento contar\u00e1 con la participaci\u00f3n de V\u00edctor Gonz\u00e1lez, Marcos Monroy, Natalio Stanziola, Jostin V\u00e1squez, haciendo un total de 400 atletas.  <\/p>\n","protected":false},"excerpt":{"rendered":"<p>Este s\u00e1bado y domingo, se realizar\u00e1 la II Copa Internacional <a href=\"https:\/\/sertv.gob.pa\/nacionalfm\/torneo-de-taekwondo-manana-y-el-domingo-en-boquete-chiriqui\/\"> [&#8230;]<\/a><\/p>\n","protected":false},"author":1,"featured_media":12545,"comment_status":"closed","ping_status":"closed","sticky":false,"template":"","format":"standard","meta":{"footnotes":""},"categories":[4],"tags":[],"class_list":["post-12544","post","type-post","status-publish","format-standard","has-post-thumbnail","hentry","category-deportes"],"_links":{"self":[{"href":"https:\/\/sertv.gob.pa\/nacionalfm\/wp-json\/wp\/v2\/posts\/12544","targetHints":{"allow":["GET"]}}],"collection":[{"href":"https:\/\/sertv.gob.pa\/nacionalfm\/wp-json\/wp\/v2\/posts"}],"about":[{"href":"https:\/\/sertv.gob.pa\/nacionalfm\/wp-json\/wp\/v2\/types\/post"}],"author":[{"embeddable":true,"href":"https:\/\/sertv.gob.pa\/nacionalfm\/wp-json\/wp\/v2\/users\/1"}],"replies":[{"embeddable":true,"href":"https:\/\/sertv.gob.pa\/nacionalfm\/wp-json\/wp\/v2\/comments?post=12544"}],"version-history":[{"count":0,"href":"https:\/\/sertv.gob.pa\/nacionalfm\/wp-json\/wp\/v2\/posts\/12544\/revisions"}],"wp:featuredmedia":[{"embeddable":true,"href":"https:\/\/sertv.gob.pa\/nacionalfm\/wp-json\/wp\/v2\/media\/12545"}],"wp:attachment":[{"href":"https:\/\/sertv.gob.pa\/nacionalfm\/wp-json\/wp\/v2\/media?parent=12544"}],"wp:term":[{"taxonomy":"category","embeddable":true,"href":"https:\/\/sertv.gob.pa\/nacionalfm\/wp-json\/wp\/v2\/categories?post=12544"},{"taxonomy":"post_tag","embeddable":true,"href":"https:\/\/sertv.gob.pa\/nacionalfm\/wp-json\/wp\/v2\/tags?post=12544"}],"curies":[{"name":"wp","href":"https:\/\/api.w.org\/{rel}","templated":true}]}}