{"id":12546,"date":"2016-05-07T15:12:15","date_gmt":"2016-05-07T15:12:15","guid":{"rendered":""},"modified":"2016-05-07T15:12:15","modified_gmt":"2016-05-07T15:12:15","slug":"reproduciran-semilla-de-platano-curare-enano-en-laboratorios","status":"publish","type":"post","link":"https:\/\/sertv.gob.pa\/nacionalfm\/reproduciran-semilla-de-platano-curare-enano-en-laboratorios\/","title":{"rendered":"Reproducir\u00e1n semilla de pl\u00e1tano \u201ccurare enano\u201d en laboratorios"},"content":{"rendered":"<p>\n La variedad de pl\u00e1tano curare enano ser\u00e1 reproducida en laboratorios de la Facultad de Ciencias Agropecuarias de la Universidad de Panam\u00e1 (FCA), en un esfuerzo conjunto con el Ministerio de Desarrollo Agropecuario (MIDA), regional de Chiriqu\u00ed, el Instituto de Investigaci\u00f3n Agropecuaria de Panam\u00e1 (IDIAP), y productores colaboradores.  <\/p>\n<p>Durante una actividad desarrollada en el auditorio &ldquo;Alberto Perdomo&rdquo; de la FCA, el profesor Sim\u00f3n V\u00e1squez, dio a conocer el proceso que se lleva desde la selecci\u00f3n de la semilla (meristemo) a reproducir, su paso a nivel de laboratorio y su aclimataci\u00f3n antes de ser cultivada en el terreno definitivo. <\/p>\n<p>La gesti\u00f3n es una iniciativa del director regional del MIDA, Rolando Guerrero, en cumplimiento del convenio MIDA &ndash; FCA, para la cooperaci\u00f3n t\u00e9cnica, que ha permitido fortalecer el trabajo en los laboratorios y el apoyo para la investigaci\u00f3n y organizaci\u00f3n de eventos, entre los que destaca la celebraci\u00f3n del d\u00eda del productor el pr\u00f3ximo 7 de octubre. <\/p>\n<p>Conforme con el Coordinador de Agricultura del MIDA en Chiriqu\u00ed, Franklin Concepci\u00f3n, la acci\u00f3n es parte del programa dise\u00f1ado para promover la siembra de la variedad  curare enano , resistente a los fuertes vientos, de gran producci\u00f3n y tolerante a las principales plagas del cultivo de pl\u00e1tano. <\/p>\n<p>A\u00f1adi\u00f3 que los primeros resultados de la reproducci\u00f3n de plantas en la FCA, se obtendr\u00e1n a mediano plazo. Se estima que de una cepa procesada, se podr\u00e1n lograr tres r\u00e9plicas o generaciones con una alta calidad en cuanto a pureza gen\u00e9tica y sanidad. <\/p>\n<p>Expres\u00f3 que para promover las tecnolog\u00edas de cultivo de esta variedad, el MIDA establecer\u00e1 14 parcelas demostrativas, en \u00e1reas con gran potencial de producci\u00f3n como son Las Lajas y San Juan, en el oriente chiricano; Progreso, San Andr\u00e9s y R\u00edo Sereno, en el \u00e1rea fronteriza con Costa Rica, utilizando plantas producidas en laboratorios de M\u00e9xico. <\/p>\n","protected":false},"excerpt":{"rendered":"<p>La variedad de pl\u00e1tano curare enano ser\u00e1 reproducida en laboratorios <a href=\"https:\/\/sertv.gob.pa\/nacionalfm\/reproduciran-semilla-de-platano-curare-enano-en-laboratorios\/\"> [&#8230;]<\/a><\/p>\n","protected":false},"author":1,"featured_media":12547,"comment_status":"closed","ping_status":"closed","sticky":false,"template":"","format":"standard","meta":{"footnotes":""},"categories":[2],"tags":[],"class_list":["post-12546","post","type-post","status-publish","format-standard","has-post-thumbnail","hentry","category-nacionales"],"_links":{"self":[{"href":"https:\/\/sertv.gob.pa\/nacionalfm\/wp-json\/wp\/v2\/posts\/12546","targetHints":{"allow":["GET"]}}],"collection":[{"href":"https:\/\/sertv.gob.pa\/nacionalfm\/wp-json\/wp\/v2\/posts"}],"about":[{"href":"https:\/\/sertv.gob.pa\/nacionalfm\/wp-json\/wp\/v2\/types\/post"}],"author":[{"embeddable":true,"href":"https:\/\/sertv.gob.pa\/nacionalfm\/wp-json\/wp\/v2\/users\/1"}],"replies":[{"embeddable":true,"href":"https:\/\/sertv.gob.pa\/nacionalfm\/wp-json\/wp\/v2\/comments?post=12546"}],"version-history":[{"count":0,"href":"https:\/\/sertv.gob.pa\/nacionalfm\/wp-json\/wp\/v2\/posts\/12546\/revisions"}],"wp:featuredmedia":[{"embeddable":true,"href":"https:\/\/sertv.gob.pa\/nacionalfm\/wp-json\/wp\/v2\/media\/12547"}],"wp:attachment":[{"href":"https:\/\/sertv.gob.pa\/nacionalfm\/wp-json\/wp\/v2\/media?parent=12546"}],"wp:term":[{"taxonomy":"category","embeddable":true,"href":"https:\/\/sertv.gob.pa\/nacionalfm\/wp-json\/wp\/v2\/categories?post=12546"},{"taxonomy":"post_tag","embeddable":true,"href":"https:\/\/sertv.gob.pa\/nacionalfm\/wp-json\/wp\/v2\/tags?post=12546"}],"curies":[{"name":"wp","href":"https:\/\/api.w.org\/{rel}","templated":true}]}}