{"id":1255,"date":"2014-08-26T05:00:00","date_gmt":"2014-08-26T05:00:00","guid":{"rendered":""},"modified":"2014-08-26T05:00:00","modified_gmt":"2014-08-26T05:00:00","slug":"por-virus-del-ebola-fallecen-130-trabajadores-sanitarios","status":"publish","type":"post","link":"https:\/\/sertv.gob.pa\/nacionalfm\/por-virus-del-ebola-fallecen-130-trabajadores-sanitarios\/","title":{"rendered":"Por virus del \u00e9bola fallecen 130  trabajadores sanitarios"},"content":{"rendered":"<p>\nLa Organizaci\u00f3n Mundial de la Salud (OMS) dio a conocer que alrededor de 130 trabajadores sanitarios han muerto hasta el momento como consecuencia del \u00e9bola, entre los m\u00e1s de 225 que han resultado infectados. <\/p>\n<p>Desde que inici\u00f3 el actual brote de \u00e9bola, el pasado marzo, la OMS ha enviado a tres pa\u00edses afectados, Liberia y Guinea Conakry, adem\u00e1s de Sierra Leona, 400 trabajadores sanitarios, tanto de la organizaci\u00f3n como de esa red. <\/p>\n<p>Actualmente, cuenta con unos 200 empleados en esos pa\u00edses, de los cuales una treintena pertenecen a la referida red, confirm\u00f3 Tarik Jasarevic, portavoz de la organizaci\u00f3n. <\/p>\n<p>La OMS record\u00f3 que el personal sanitario es una parte muy importante de la respuesta al brote de \u00e9bola, pero igualmente reconoci\u00f3 el peligro que implica.\u00a0 @nacionalFm <\/p>\n<p>\u00a0 <\/p>\n","protected":false},"excerpt":{"rendered":"<p>La Organizaci\u00f3n Mundial de la Salud (OMS) dio a conocer <a href=\"https:\/\/sertv.gob.pa\/nacionalfm\/por-virus-del-ebola-fallecen-130-trabajadores-sanitarios\/\"> [&#8230;]<\/a><\/p>\n","protected":false},"author":1,"featured_media":1256,"comment_status":"closed","ping_status":"closed","sticky":false,"template":"","format":"standard","meta":{"footnotes":""},"categories":[5],"tags":[],"class_list":["post-1255","post","type-post","status-publish","format-standard","has-post-thumbnail","hentry","category-salud"],"_links":{"self":[{"href":"https:\/\/sertv.gob.pa\/nacionalfm\/wp-json\/wp\/v2\/posts\/1255","targetHints":{"allow":["GET"]}}],"collection":[{"href":"https:\/\/sertv.gob.pa\/nacionalfm\/wp-json\/wp\/v2\/posts"}],"about":[{"href":"https:\/\/sertv.gob.pa\/nacionalfm\/wp-json\/wp\/v2\/types\/post"}],"author":[{"embeddable":true,"href":"https:\/\/sertv.gob.pa\/nacionalfm\/wp-json\/wp\/v2\/users\/1"}],"replies":[{"embeddable":true,"href":"https:\/\/sertv.gob.pa\/nacionalfm\/wp-json\/wp\/v2\/comments?post=1255"}],"version-history":[{"count":0,"href":"https:\/\/sertv.gob.pa\/nacionalfm\/wp-json\/wp\/v2\/posts\/1255\/revisions"}],"wp:featuredmedia":[{"embeddable":true,"href":"https:\/\/sertv.gob.pa\/nacionalfm\/wp-json\/wp\/v2\/media\/1256"}],"wp:attachment":[{"href":"https:\/\/sertv.gob.pa\/nacionalfm\/wp-json\/wp\/v2\/media?parent=1255"}],"wp:term":[{"taxonomy":"category","embeddable":true,"href":"https:\/\/sertv.gob.pa\/nacionalfm\/wp-json\/wp\/v2\/categories?post=1255"},{"taxonomy":"post_tag","embeddable":true,"href":"https:\/\/sertv.gob.pa\/nacionalfm\/wp-json\/wp\/v2\/tags?post=1255"}],"curies":[{"name":"wp","href":"https:\/\/api.w.org\/{rel}","templated":true}]}}