{"id":12566,"date":"2016-05-09T15:35:21","date_gmt":"2016-05-09T15:35:21","guid":{"rendered":""},"modified":"2016-05-09T15:35:21","modified_gmt":"2016-05-09T15:35:21","slug":"colon-y-bocas-del-toro-reinician-la-serie-de-seis","status":"publish","type":"post","link":"https:\/\/sertv.gob.pa\/nacionalfm\/colon-y-bocas-del-toro-reinician-la-serie-de-seis\/","title":{"rendered":"Col\u00f3n y Bocas del Toro reinician la Serie de Seis"},"content":{"rendered":"<p>\nCon el Cl\u00e1sico del Caribe entre Bocas del Toro y Col\u00f3n se reinicia la Serie de 6 del Campeonato Nacional de B\u00e9isbol Mayor dedicado al ingeniero Eduardo de Bello, hoy en el Estadio Rod Carew, a destacar que ambas novenas encabezan la tabla de posiciones. <\/p>\n<p>Panam\u00e1 Metro, con registro de 2-1, se traslada al Rico Cede\u00f1o de Chitr\u00e9, para enfrentarse al equipo de Herrera 0-3, quienes necesitan con urgencia romper el hielo y mantener as\u00ed sus esperanza de avanzar a la siguiente etapa. Estas dos novenas se ver\u00e1n la cara por primera vez en esta ronda. En la Serie Regular, Metro gan\u00f3 dos partidos y Herrera uno. <\/p>\n<p>En el Estadio Justino Salinas, de La Chorrera, el equipo de casa Panam\u00e1 Oeste 0-3, saldr\u00e1 en busca de su primer triunfo en la ronda, enfrent\u00e1ndose a Chiriqu\u00ed 1-2. Ambos directores saben la importancia de cada victoria que se alcance y por eso se <\/p>\n<p>\u00a0 <\/p>\n","protected":false},"excerpt":{"rendered":"<p>Con el Cl\u00e1sico del Caribe entre Bocas del Toro y <a href=\"https:\/\/sertv.gob.pa\/nacionalfm\/colon-y-bocas-del-toro-reinician-la-serie-de-seis\/\"> [&#8230;]<\/a><\/p>\n","protected":false},"author":1,"featured_media":12567,"comment_status":"closed","ping_status":"closed","sticky":false,"template":"","format":"standard","meta":{"footnotes":""},"categories":[4],"tags":[],"class_list":["post-12566","post","type-post","status-publish","format-standard","has-post-thumbnail","hentry","category-deportes"],"_links":{"self":[{"href":"https:\/\/sertv.gob.pa\/nacionalfm\/wp-json\/wp\/v2\/posts\/12566","targetHints":{"allow":["GET"]}}],"collection":[{"href":"https:\/\/sertv.gob.pa\/nacionalfm\/wp-json\/wp\/v2\/posts"}],"about":[{"href":"https:\/\/sertv.gob.pa\/nacionalfm\/wp-json\/wp\/v2\/types\/post"}],"author":[{"embeddable":true,"href":"https:\/\/sertv.gob.pa\/nacionalfm\/wp-json\/wp\/v2\/users\/1"}],"replies":[{"embeddable":true,"href":"https:\/\/sertv.gob.pa\/nacionalfm\/wp-json\/wp\/v2\/comments?post=12566"}],"version-history":[{"count":0,"href":"https:\/\/sertv.gob.pa\/nacionalfm\/wp-json\/wp\/v2\/posts\/12566\/revisions"}],"wp:featuredmedia":[{"embeddable":true,"href":"https:\/\/sertv.gob.pa\/nacionalfm\/wp-json\/wp\/v2\/media\/12567"}],"wp:attachment":[{"href":"https:\/\/sertv.gob.pa\/nacionalfm\/wp-json\/wp\/v2\/media?parent=12566"}],"wp:term":[{"taxonomy":"category","embeddable":true,"href":"https:\/\/sertv.gob.pa\/nacionalfm\/wp-json\/wp\/v2\/categories?post=12566"},{"taxonomy":"post_tag","embeddable":true,"href":"https:\/\/sertv.gob.pa\/nacionalfm\/wp-json\/wp\/v2\/tags?post=12566"}],"curies":[{"name":"wp","href":"https:\/\/api.w.org\/{rel}","templated":true}]}}