{"id":12580,"date":"2016-05-09T18:42:46","date_gmt":"2016-05-09T18:42:46","guid":{"rendered":""},"modified":"2016-05-09T18:42:46","modified_gmt":"2016-05-09T18:42:46","slug":"entrenamiento-para-padres-de-personas-con-autismo","status":"publish","type":"post","link":"https:\/\/sertv.gob.pa\/nacionalfm\/entrenamiento-para-padres-de-personas-con-autismo\/","title":{"rendered":"Entrenamiento para padres de personas con autismo"},"content":{"rendered":"<p>\nEn ocasi\u00f3n de conmemorarse el mes dedicado a la concienciaci\u00f3n sobre el autismo en Panam\u00e1 (abril), la  fundaci\u00f3n Ens\u00e9\u00f1ame a Vivir , conjuntamente con el programa internacional  Autism Speaks , buscaron crear nuevos v\u00ednculos para mejorar la atenci\u00f3n de personas con autismo en Panam\u00e1. <\/p>\n<p>De esa premisa surgi\u00f3 un primer bosquejo para implementar en el pa\u00eds un programa de entrenamiento para padres de familia, tomando en cuenta que los programas que existen no llegan a todos los que lo necesitan y que existe un rezago en detecci\u00f3n y diagn\u00f3stico temprano y, por consiguiente, en tratamiento. <\/p>\n<p>Dicho esquema fue trazado el pasado 29 de abril en una reuni\u00f3n entre Michael Rosanoff, director de investigaci\u00f3n de salud p\u00fablica de  Autism Speaks ; Tem\u00edstocles D\u00edaz, ministro consejero del  Ministerio de Salud  (Minsa); y Lisset Basmeson, directora de  Ens\u00e9\u00f1ame a Vivir , con el fin de sentar las bases para la puesta en marcha del programa. <\/p>\n<p>Una segunda reuni\u00f3n, en la misma fecha, tuvo lugar entre Rosanoff, Ricardo Goti, coordinador nacional de Salud Mental del  Minsa , departamento que se encargar\u00e1 de trabajar en los detalles para concretar el programa en el mediano plazo; y Cecilia Montiel Nava, consultora de  Autism Speaks . <\/p>\n<p> Autism Speaks  es una organizaci\u00f3n fundada en 2005 en Estados Unidos, por el matrimonio compuesto por Bob y Suzanne Wright, ambos abuelos de un ni\u00f1o con autismo. Se trata de una entidad dedicada a la investigaci\u00f3n cient\u00edfica y fomento mundial sobre este trastorno neurol\u00f3gico, explica Rosanoff. <\/p>\n<p>En Estados Unidos, uno de cada 68 ni\u00f1os tiene autismo. Creemos que en Panam\u00e1 hay al menos 10 mil. <\/p>\n<p>\u00a0 <\/p>\n","protected":false},"excerpt":{"rendered":"<p>En ocasi\u00f3n de conmemorarse el mes dedicado a la concienciaci\u00f3n <a href=\"https:\/\/sertv.gob.pa\/nacionalfm\/entrenamiento-para-padres-de-personas-con-autismo\/\"> [&#8230;]<\/a><\/p>\n","protected":false},"author":1,"featured_media":12581,"comment_status":"closed","ping_status":"closed","sticky":false,"template":"","format":"standard","meta":{"footnotes":""},"categories":[5],"tags":[],"class_list":["post-12580","post","type-post","status-publish","format-standard","has-post-thumbnail","hentry","category-salud"],"_links":{"self":[{"href":"https:\/\/sertv.gob.pa\/nacionalfm\/wp-json\/wp\/v2\/posts\/12580","targetHints":{"allow":["GET"]}}],"collection":[{"href":"https:\/\/sertv.gob.pa\/nacionalfm\/wp-json\/wp\/v2\/posts"}],"about":[{"href":"https:\/\/sertv.gob.pa\/nacionalfm\/wp-json\/wp\/v2\/types\/post"}],"author":[{"embeddable":true,"href":"https:\/\/sertv.gob.pa\/nacionalfm\/wp-json\/wp\/v2\/users\/1"}],"replies":[{"embeddable":true,"href":"https:\/\/sertv.gob.pa\/nacionalfm\/wp-json\/wp\/v2\/comments?post=12580"}],"version-history":[{"count":0,"href":"https:\/\/sertv.gob.pa\/nacionalfm\/wp-json\/wp\/v2\/posts\/12580\/revisions"}],"wp:featuredmedia":[{"embeddable":true,"href":"https:\/\/sertv.gob.pa\/nacionalfm\/wp-json\/wp\/v2\/media\/12581"}],"wp:attachment":[{"href":"https:\/\/sertv.gob.pa\/nacionalfm\/wp-json\/wp\/v2\/media?parent=12580"}],"wp:term":[{"taxonomy":"category","embeddable":true,"href":"https:\/\/sertv.gob.pa\/nacionalfm\/wp-json\/wp\/v2\/categories?post=12580"},{"taxonomy":"post_tag","embeddable":true,"href":"https:\/\/sertv.gob.pa\/nacionalfm\/wp-json\/wp\/v2\/tags?post=12580"}],"curies":[{"name":"wp","href":"https:\/\/api.w.org\/{rel}","templated":true}]}}