{"id":12610,"date":"2016-05-10T16:30:08","date_gmt":"2016-05-10T16:30:08","guid":{"rendered":""},"modified":"2016-05-10T16:30:08","modified_gmt":"2016-05-10T16:30:08","slug":"riesgo-de-espondilitis-anquilosante-es-influida-por-los-genes","status":"publish","type":"post","link":"https:\/\/sertv.gob.pa\/nacionalfm\/riesgo-de-espondilitis-anquilosante-es-influida-por-los-genes\/","title":{"rendered":"Riesgo de espondilitis anquilosante es influida por los genes"},"content":{"rendered":"<p>\nCerca de \u00a0un 20% de la poblaci\u00f3n entre 20 y 70 a\u00f1os sufre dolor cr\u00f3nico de espalda, es decir, que es constante por lo menos durante tres meses. Una tercera parte de estos pacientes experimenta dolor de tipo inflamatorio, el cual es mucho m\u00e1s com\u00fan en los j\u00f3venes. <\/p>\n<p>Una enfermedad que ocasiona inflamaci\u00f3n y dolor de espalda (sobre todo en la parte baja) es la espondilitis anquilosante, que afecta principalmente a los varones y cuyos s\u00edntomas empiezan \u00a0a manifestarse a partir de los 20 o 30 a\u00f1os, incluso antes. <\/p>\n<p>El paciente tendr\u00e1 rigidez matinal, dolor cr\u00f3nico de la columna que se mejora con la actividad y empeora cuando est\u00e1 en reposo, e incluso, puede ser tan intenso que despierta al paciente durante la noche, explica el  Dr. John Reveille, reumat\u00f3logo de la Facultad de Medicina de la Universidad de Johns Hopkins y profesor de la Universidad de Texas.  <\/p>\n<p>En algunos casos, la  espondilitis anquilosante  puede provocar, adem\u00e1s, inflamaci\u00f3n en los ojos, el coraz\u00f3n y las articulaciones perif\u00e9ricas. <\/p>\n<p>Los genes tienen un rol importante en esta enfermedad. El doctor Reveille, quien particip\u00f3 en el XIX Congreso de la Liga Panamericana de Asociaciones de Reumatolog\u00eda (Panlar), celebrado en Panam\u00e1 recientemente, menciona que algunos genes reducen la eficiencia del sistema inmunol\u00f3gico para controlar infecciones. El gen HLNA- B27, que est\u00e1 presente en el 7.5% de los cauc\u00e1sicos, se ha asociado a la espondilitis anquilosante, pues se encuentra en el 90% de quienes padecen la enfermedad. No obstante, el tenerlo no necesariamente implica que esta se manifestar\u00e1. <\/p>\n<p>El galeno agrega que este gen confiere protecci\u00f3n contra ciertas infecciones virales como el VIH o la influenza, pero quienes lo tienen son m\u00e1s d\u00e9biles frente a otras infecciones, como shigella o clamidia. &ldquo;Este puede ser el disparador de inicio de la espondilitis anquilosante, pero hay hasta otros 40 genes que tienen acci\u00f3n para causarla&rdquo;, se\u00f1ala el especialista. <\/p>\n<p>El diagn\u00f3stico precoz y un tratamiento adecuado ayudan a controlar el dolor y la rigidez. Los antiinflamatorios no esteroideos (AINE) pueden tratar efectivamente a la mitad de los pacientes, pero la otra mitad necesitar\u00e1 medicamentos biol\u00f3gicos. <\/p>\n<p>\u00a0 <\/p>\n","protected":false},"excerpt":{"rendered":"<p>Cerca de \u00a0un 20% de la poblaci\u00f3n entre 20 y <a href=\"https:\/\/sertv.gob.pa\/nacionalfm\/riesgo-de-espondilitis-anquilosante-es-influida-por-los-genes\/\"> [&#8230;]<\/a><\/p>\n","protected":false},"author":1,"featured_media":12611,"comment_status":"closed","ping_status":"closed","sticky":false,"template":"","format":"standard","meta":{"footnotes":""},"categories":[5],"tags":[],"class_list":["post-12610","post","type-post","status-publish","format-standard","has-post-thumbnail","hentry","category-salud"],"_links":{"self":[{"href":"https:\/\/sertv.gob.pa\/nacionalfm\/wp-json\/wp\/v2\/posts\/12610","targetHints":{"allow":["GET"]}}],"collection":[{"href":"https:\/\/sertv.gob.pa\/nacionalfm\/wp-json\/wp\/v2\/posts"}],"about":[{"href":"https:\/\/sertv.gob.pa\/nacionalfm\/wp-json\/wp\/v2\/types\/post"}],"author":[{"embeddable":true,"href":"https:\/\/sertv.gob.pa\/nacionalfm\/wp-json\/wp\/v2\/users\/1"}],"replies":[{"embeddable":true,"href":"https:\/\/sertv.gob.pa\/nacionalfm\/wp-json\/wp\/v2\/comments?post=12610"}],"version-history":[{"count":0,"href":"https:\/\/sertv.gob.pa\/nacionalfm\/wp-json\/wp\/v2\/posts\/12610\/revisions"}],"wp:featuredmedia":[{"embeddable":true,"href":"https:\/\/sertv.gob.pa\/nacionalfm\/wp-json\/wp\/v2\/media\/12611"}],"wp:attachment":[{"href":"https:\/\/sertv.gob.pa\/nacionalfm\/wp-json\/wp\/v2\/media?parent=12610"}],"wp:term":[{"taxonomy":"category","embeddable":true,"href":"https:\/\/sertv.gob.pa\/nacionalfm\/wp-json\/wp\/v2\/categories?post=12610"},{"taxonomy":"post_tag","embeddable":true,"href":"https:\/\/sertv.gob.pa\/nacionalfm\/wp-json\/wp\/v2\/tags?post=12610"}],"curies":[{"name":"wp","href":"https:\/\/api.w.org\/{rel}","templated":true}]}}