{"id":12626,"date":"2016-05-10T19:39:53","date_gmt":"2016-05-10T19:39:53","guid":{"rendered":""},"modified":"2016-05-10T19:39:53","modified_gmt":"2016-05-10T19:39:53","slug":"consejo-de-san-miguelto-agasaja-a-chemito-moreno","status":"publish","type":"post","link":"https:\/\/sertv.gob.pa\/nacionalfm\/consejo-de-san-miguelto-agasaja-a-chemito-moreno\/","title":{"rendered":"Consejo de San Miguelito agasaja a \u201cChemito\u201d Moreno"},"content":{"rendered":"<p>\nEl Consejo Municipal de San Miguelito que preside el representante del Corregimiento Belisario Fr\u00edas, Omar Ortega, mediante iniciativa del alcalde Gerald Cumberbach \u00a0entregaron una placa de reconocimiento al campe\u00f3n plata de los pesos gallos del Consejo Mundial de Boxeo, \u00a0Anselmo &ldquo;Chemito&rdquo; Moreno, por su brillante victoria por decisi\u00f3n un\u00e1nime \u00a0de los jueces ante el tailand\u00e9s Suriy\u00e1n Sor Rungvisai recientemente. <\/p>\n<p>La se\u00f1ora Roux Laguna de Moreno, tambi\u00e9n agradeci\u00f3 el gesto del honorable Alcalde Cumberbach, ya que \u00e9l fue de igual manera un sustancial apoyo para que el encuentro ante Rungvisai se celebrara en Panam\u00e1. <\/p>\n<p>Al finalizar el agasajo &ldquo;Chemito&rdquo; Moreno manifest\u00f3 que la pr\u00f3xima semana reanudar\u00e1 los entrenamientos. <\/p>\n<p>\u00a0 <\/p>\n","protected":false},"excerpt":{"rendered":"<p>El Consejo Municipal de San Miguelito que preside el representante <a href=\"https:\/\/sertv.gob.pa\/nacionalfm\/consejo-de-san-miguelto-agasaja-a-chemito-moreno\/\"> [&#8230;]<\/a><\/p>\n","protected":false},"author":1,"featured_media":12627,"comment_status":"closed","ping_status":"closed","sticky":false,"template":"","format":"standard","meta":{"footnotes":""},"categories":[4],"tags":[],"class_list":["post-12626","post","type-post","status-publish","format-standard","has-post-thumbnail","hentry","category-deportes"],"_links":{"self":[{"href":"https:\/\/sertv.gob.pa\/nacionalfm\/wp-json\/wp\/v2\/posts\/12626","targetHints":{"allow":["GET"]}}],"collection":[{"href":"https:\/\/sertv.gob.pa\/nacionalfm\/wp-json\/wp\/v2\/posts"}],"about":[{"href":"https:\/\/sertv.gob.pa\/nacionalfm\/wp-json\/wp\/v2\/types\/post"}],"author":[{"embeddable":true,"href":"https:\/\/sertv.gob.pa\/nacionalfm\/wp-json\/wp\/v2\/users\/1"}],"replies":[{"embeddable":true,"href":"https:\/\/sertv.gob.pa\/nacionalfm\/wp-json\/wp\/v2\/comments?post=12626"}],"version-history":[{"count":0,"href":"https:\/\/sertv.gob.pa\/nacionalfm\/wp-json\/wp\/v2\/posts\/12626\/revisions"}],"wp:featuredmedia":[{"embeddable":true,"href":"https:\/\/sertv.gob.pa\/nacionalfm\/wp-json\/wp\/v2\/media\/12627"}],"wp:attachment":[{"href":"https:\/\/sertv.gob.pa\/nacionalfm\/wp-json\/wp\/v2\/media?parent=12626"}],"wp:term":[{"taxonomy":"category","embeddable":true,"href":"https:\/\/sertv.gob.pa\/nacionalfm\/wp-json\/wp\/v2\/categories?post=12626"},{"taxonomy":"post_tag","embeddable":true,"href":"https:\/\/sertv.gob.pa\/nacionalfm\/wp-json\/wp\/v2\/tags?post=12626"}],"curies":[{"name":"wp","href":"https:\/\/api.w.org\/{rel}","templated":true}]}}