{"id":12632,"date":"2016-05-10T20:55:08","date_gmt":"2016-05-10T20:55:08","guid":{"rendered":""},"modified":"2016-05-10T20:55:08","modified_gmt":"2016-05-10T20:55:08","slug":"panama-clasifica-al-mundial-de-futsal-en-colombia","status":"publish","type":"post","link":"https:\/\/sertv.gob.pa\/nacionalfm\/panama-clasifica-al-mundial-de-futsal-en-colombia\/","title":{"rendered":"Panam\u00e1 clasifica al Mundial de FUTSAL en Colombia"},"content":{"rendered":"<p>\nPanam\u00e1 clasific\u00f3 al Mundial de FUTSAL de Colombia al derrotar a M\u00e9xico 4-3, en las eliminatorias de CONCACAF. <\/p>\n<p>Panam\u00e1 con antelaci\u00f3n hab\u00eda vencido primero a Guatemala 4-1en el debut del Campeonato de FUTSAL de CONCACAF, y posteriormente venci\u00f3 por marcador de 10-3 a Honduras. <\/p>\n<p>Las eliminatorias de CONCACAF del FUTSAL se ha venido realizando en Costa Rica. <\/p>\n","protected":false},"excerpt":{"rendered":"<p>Panam\u00e1 clasific\u00f3 al Mundial de FUTSAL de Colombia al derrotar <a href=\"https:\/\/sertv.gob.pa\/nacionalfm\/panama-clasifica-al-mundial-de-futsal-en-colombia\/\"> [&#8230;]<\/a><\/p>\n","protected":false},"author":1,"featured_media":12633,"comment_status":"closed","ping_status":"closed","sticky":false,"template":"","format":"standard","meta":{"footnotes":""},"categories":[4],"tags":[],"class_list":["post-12632","post","type-post","status-publish","format-standard","has-post-thumbnail","hentry","category-deportes"],"_links":{"self":[{"href":"https:\/\/sertv.gob.pa\/nacionalfm\/wp-json\/wp\/v2\/posts\/12632","targetHints":{"allow":["GET"]}}],"collection":[{"href":"https:\/\/sertv.gob.pa\/nacionalfm\/wp-json\/wp\/v2\/posts"}],"about":[{"href":"https:\/\/sertv.gob.pa\/nacionalfm\/wp-json\/wp\/v2\/types\/post"}],"author":[{"embeddable":true,"href":"https:\/\/sertv.gob.pa\/nacionalfm\/wp-json\/wp\/v2\/users\/1"}],"replies":[{"embeddable":true,"href":"https:\/\/sertv.gob.pa\/nacionalfm\/wp-json\/wp\/v2\/comments?post=12632"}],"version-history":[{"count":0,"href":"https:\/\/sertv.gob.pa\/nacionalfm\/wp-json\/wp\/v2\/posts\/12632\/revisions"}],"wp:featuredmedia":[{"embeddable":true,"href":"https:\/\/sertv.gob.pa\/nacionalfm\/wp-json\/wp\/v2\/media\/12633"}],"wp:attachment":[{"href":"https:\/\/sertv.gob.pa\/nacionalfm\/wp-json\/wp\/v2\/media?parent=12632"}],"wp:term":[{"taxonomy":"category","embeddable":true,"href":"https:\/\/sertv.gob.pa\/nacionalfm\/wp-json\/wp\/v2\/categories?post=12632"},{"taxonomy":"post_tag","embeddable":true,"href":"https:\/\/sertv.gob.pa\/nacionalfm\/wp-json\/wp\/v2\/tags?post=12632"}],"curies":[{"name":"wp","href":"https:\/\/api.w.org\/{rel}","templated":true}]}}