{"id":12646,"date":"2016-05-11T15:09:41","date_gmt":"2016-05-11T15:09:41","guid":{"rendered":""},"modified":"2016-05-11T15:09:41","modified_gmt":"2016-05-11T15:09:41","slug":"casos-de-diarrea-en-san-miguelito-van-en-aumento","status":"publish","type":"post","link":"https:\/\/sertv.gob.pa\/nacionalfm\/casos-de-diarrea-en-san-miguelito-van-en-aumento\/","title":{"rendered":"Casos de diarrea en San Miguelito van en aumento"},"content":{"rendered":"<p>\nEl m\u00e1s reciente informe del  Ministerio de Salud (Minsa) \u00a0demostr\u00f3 que los casos de diarrea en el distrito de San Miguelito contin\u00faan en aumento, report\u00e1ndose un total de\u00a0  10 mil 557 casos en lo que va del a\u00f1o . <\/p>\n<p>Tambi\u00e9n, en el informe se incluye un estudio comparativo de los casos entre 2015 y 2016 y se observa un incremento de  mil 337 . <\/p>\n<p>El a\u00f1o pasado, para la misma fecha se reportaron 9 mil 220 personas afectadas por diarrea. <\/p>\n<p>Por su parte, el director regional de Salud en el distrito de San Miguelito, Juan Bieberach, indic\u00f3 que han declarado en estado de \u00abepidemia\u00bb a los corregimientos Arnulfo Arias, Omar Torrijos, Belisario Porras y Belisario Fr\u00edas, los cuales son los m\u00e1s afectados. <\/p>\n<p>Igualmente se inform\u00f3 de un aumento de los casos de influenza con 3 mil 175 casos reportados de lo que va de a\u00f1o, unos 862 casos m\u00e1s que en 2015. <\/p>\n<p>\u00a0 <\/p>\n","protected":false},"excerpt":{"rendered":"<p>El m\u00e1s reciente informe del Ministerio de Salud (Minsa) \u00a0demostr\u00f3 <a href=\"https:\/\/sertv.gob.pa\/nacionalfm\/casos-de-diarrea-en-san-miguelito-van-en-aumento\/\"> [&#8230;]<\/a><\/p>\n","protected":false},"author":1,"featured_media":12647,"comment_status":"closed","ping_status":"closed","sticky":false,"template":"","format":"standard","meta":{"footnotes":""},"categories":[5],"tags":[],"class_list":["post-12646","post","type-post","status-publish","format-standard","has-post-thumbnail","hentry","category-salud"],"_links":{"self":[{"href":"https:\/\/sertv.gob.pa\/nacionalfm\/wp-json\/wp\/v2\/posts\/12646","targetHints":{"allow":["GET"]}}],"collection":[{"href":"https:\/\/sertv.gob.pa\/nacionalfm\/wp-json\/wp\/v2\/posts"}],"about":[{"href":"https:\/\/sertv.gob.pa\/nacionalfm\/wp-json\/wp\/v2\/types\/post"}],"author":[{"embeddable":true,"href":"https:\/\/sertv.gob.pa\/nacionalfm\/wp-json\/wp\/v2\/users\/1"}],"replies":[{"embeddable":true,"href":"https:\/\/sertv.gob.pa\/nacionalfm\/wp-json\/wp\/v2\/comments?post=12646"}],"version-history":[{"count":0,"href":"https:\/\/sertv.gob.pa\/nacionalfm\/wp-json\/wp\/v2\/posts\/12646\/revisions"}],"wp:featuredmedia":[{"embeddable":true,"href":"https:\/\/sertv.gob.pa\/nacionalfm\/wp-json\/wp\/v2\/media\/12647"}],"wp:attachment":[{"href":"https:\/\/sertv.gob.pa\/nacionalfm\/wp-json\/wp\/v2\/media?parent=12646"}],"wp:term":[{"taxonomy":"category","embeddable":true,"href":"https:\/\/sertv.gob.pa\/nacionalfm\/wp-json\/wp\/v2\/categories?post=12646"},{"taxonomy":"post_tag","embeddable":true,"href":"https:\/\/sertv.gob.pa\/nacionalfm\/wp-json\/wp\/v2\/tags?post=12646"}],"curies":[{"name":"wp","href":"https:\/\/api.w.org\/{rel}","templated":true}]}}