{"id":12692,"date":"2016-05-12T18:20:46","date_gmt":"2016-05-12T18:20:46","guid":{"rendered":""},"modified":"2016-05-12T18:20:46","modified_gmt":"2016-05-12T18:20:46","slug":"en-la-mayoria-de-las-ciudades-la-calidad-del-aire-es-desastrosa","status":"publish","type":"post","link":"https:\/\/sertv.gob.pa\/nacionalfm\/en-la-mayoria-de-las-ciudades-la-calidad-del-aire-es-desastrosa\/","title":{"rendered":"En la mayor\u00eda de las ciudades la calidad del aire es desastrosa"},"content":{"rendered":"<p>\n En torno al 80% de las personas que viven en zonas urbanas  est\u00e1n expuestas a niveles de calidad del aire que no respetan los l\u00edmites fijados por la  Organizaci\u00f3n Mundial de la Salud (OMS) , seg\u00fan un estudio publicado este jueves 12 de mayo. <\/p>\n<p>&ldquo;Aunque todas las regiones del mundo se han visto afectadas, los habitantes de las ciudades de renta baja son quienes m\u00e1s sufren las consecuencias&rdquo;, alert\u00f3 la OMS. <\/p>\n<p>Seg\u00fan este estudio, el 98% de las ciudades de m\u00e1s de 100 mil habitantes en pa\u00edses de renta baja o intermedia no respetan las l\u00edneas directrices de la OMS en t\u00e9rminos de calidad del aire. En los pa\u00edses de renta alta, ese porcentaje cae al 56%. <\/p>\n<p>La contaminaci\u00f3n del aire, debido a concentraciones elevadas de peque\u00f1as part\u00edculas (MP10), y de part\u00edculas finas (MP2.5), que contienen sulfato, nitratos y carbono negro, supone el principal peligro medioambiental para la salud. <\/p>\n<p>La poluci\u00f3n incrementa el riesgo de accidente vascular cerebral, de cardiopat\u00eda, de c\u00e1ncer de pulm\u00f3n y de enfermedades respiratorias agudas, especialmente asma, y provoca m\u00e1s de tres millones de fallecimientos prematuros al a\u00f1o en el mundo, subray\u00f3 la OMS. <\/p>\n<p>&ldquo;Cuando el aire contaminado envuelve nuestras ciudades, las poblaciones urbanas m\u00e1s vulnerables &ndash;los m\u00e1s j\u00f3venes, los m\u00e1s viejos y los m\u00e1s pobres&ndash;, son los m\u00e1s afectados&rdquo;, insisti\u00f3 la doctora Flavia Bustreo, subdirectora general de la OMS encargada del  Departamento de Salud de la Familia . <\/p>\n<p>Seg\u00fan los expertos, que han comparado los niveles de part\u00edculas finas en 795 ciudades de 67 pa\u00edses, los niveles mundiales de contaminaci\u00f3n atmosf\u00e9rica en el medio urbano aumentaron un 8% entre 2008 y 2013. <\/p>\n<p>Para mejorar la calidad del aire, la agencia de la ONU recomienda limitar las emisiones industriales, aumentar el uso de energ\u00edas renovables y dar prioridad al transporte p\u00fablico y las v\u00edas ciclistas. <\/p>\n<p>\u00a0 <\/p>\n<p>\u00a0 <\/p>\n","protected":false},"excerpt":{"rendered":"<p>En torno al 80% de las personas que viven en <a href=\"https:\/\/sertv.gob.pa\/nacionalfm\/en-la-mayoria-de-las-ciudades-la-calidad-del-aire-es-desastrosa\/\"> [&#8230;]<\/a><\/p>\n","protected":false},"author":1,"featured_media":12693,"comment_status":"closed","ping_status":"closed","sticky":false,"template":"","format":"standard","meta":{"footnotes":""},"categories":[5],"tags":[],"class_list":["post-12692","post","type-post","status-publish","format-standard","has-post-thumbnail","hentry","category-salud"],"_links":{"self":[{"href":"https:\/\/sertv.gob.pa\/nacionalfm\/wp-json\/wp\/v2\/posts\/12692","targetHints":{"allow":["GET"]}}],"collection":[{"href":"https:\/\/sertv.gob.pa\/nacionalfm\/wp-json\/wp\/v2\/posts"}],"about":[{"href":"https:\/\/sertv.gob.pa\/nacionalfm\/wp-json\/wp\/v2\/types\/post"}],"author":[{"embeddable":true,"href":"https:\/\/sertv.gob.pa\/nacionalfm\/wp-json\/wp\/v2\/users\/1"}],"replies":[{"embeddable":true,"href":"https:\/\/sertv.gob.pa\/nacionalfm\/wp-json\/wp\/v2\/comments?post=12692"}],"version-history":[{"count":0,"href":"https:\/\/sertv.gob.pa\/nacionalfm\/wp-json\/wp\/v2\/posts\/12692\/revisions"}],"wp:featuredmedia":[{"embeddable":true,"href":"https:\/\/sertv.gob.pa\/nacionalfm\/wp-json\/wp\/v2\/media\/12693"}],"wp:attachment":[{"href":"https:\/\/sertv.gob.pa\/nacionalfm\/wp-json\/wp\/v2\/media?parent=12692"}],"wp:term":[{"taxonomy":"category","embeddable":true,"href":"https:\/\/sertv.gob.pa\/nacionalfm\/wp-json\/wp\/v2\/categories?post=12692"},{"taxonomy":"post_tag","embeddable":true,"href":"https:\/\/sertv.gob.pa\/nacionalfm\/wp-json\/wp\/v2\/tags?post=12692"}],"curies":[{"name":"wp","href":"https:\/\/api.w.org\/{rel}","templated":true}]}}