{"id":12698,"date":"2016-05-12T20:38:02","date_gmt":"2016-05-12T20:38:02","guid":{"rendered":""},"modified":"2016-05-12T20:38:02","modified_gmt":"2016-05-12T20:38:02","slug":"este-fin-de-semana-realizan-9no-festival-gimnastico","status":"publish","type":"post","link":"https:\/\/sertv.gob.pa\/nacionalfm\/este-fin-de-semana-realizan-9no-festival-gimnastico\/","title":{"rendered":"Este fin de semana realizan 9no. Festival Gimn\u00e1stico"},"content":{"rendered":"<p>\nEste fin de semana se realizar\u00e1 en el gimnasio Miguel A. Rivas en Albrook, el 9no. Festival Gimn\u00e1stico, organizado por la Federaci\u00f3n paname\u00f1a de Gimnasio y que se llevar\u00e1 a Cabo el pr\u00f3ximo s\u00e1bado 14 y domingo 15 de mayo.\u00a0 <\/p>\n<p>Teresita Medrano, Presidente de la Federaci\u00f3n Paname\u00f1a de Gimnasia, confirm\u00f3 la participaci\u00f3n de 179 atletas en este nuestro primer torneo nacional, donde hemos recibido inscripci\u00f3n de atletas en los niveles 1 al 7 en la Rama Femenina y Nivel 4 y 5 en la Rama Masculina. <\/p>\n<p>El s\u00e1bado 14 de mayo, en nuestro primer d\u00eda de competencias ver\u00e1n acci\u00f3n la Rama Femenina con empezando con el Nivel 2 a las 8:30 de la ma\u00f1ana.\u00a0 En la segunda sesi\u00f3n, veremos las participantes del nivel 3 y 4 a las 12:30 pm.\u00a0 Cerrar\u00e1n el evento las chicas m\u00e1s avanzadas de los niveles 5 al 7 a las 3:30 pm. <\/p>\n<p>El domingo 15 de mayo, ver\u00e1n acci\u00f3n los Varones del Nivel 4 y 5 y las peque\u00f1as del Nivel 1 (en edades de 5 a 9 a\u00f1os), a las 8:30 am y luego cerramos el d\u00eda con las grandes de Nivel 1 (10\u00a0 a\u00f1os en adelante) a las 12:00 md. <\/p>\n<p>Los atletas inscritos oscilan entre los 5\u00a0 a 18 a\u00f1os de edad, representando a los clubes de Albrook Gymnastics, Dream Gymnastics, Illusion, Marbella, No Limits y Team Juan D\u00edaz de la ciudad capital; los clubes de Club Gim\u00e1stico Aguadulce y Los Anges de Kiara representando a la provincia de Cocl\u00e9 y el Club de Gimnasia de Herrera de esa misma provincia y el Club de Gimnasia de Santiago por Veraguas, quienes realizar\u00e1n los ejercicios reglamentarios, seg\u00fan el nuevo c\u00f3digo USAG para el Ciclo 2013-2016 en salto, barras asim\u00e9tricas, viga de equilibrio y piso de la Rama Femenina y en Suelo, Arzones, Anillas, Salto, Barras Paralelas y Barra Fija en la Rama Masculina. <\/p>\n<p>\u00a0 <\/p>\n","protected":false},"excerpt":{"rendered":"<p>Este fin de semana se realizar\u00e1 en el gimnasio Miguel <a href=\"https:\/\/sertv.gob.pa\/nacionalfm\/este-fin-de-semana-realizan-9no-festival-gimnastico\/\"> [&#8230;]<\/a><\/p>\n","protected":false},"author":1,"featured_media":12699,"comment_status":"closed","ping_status":"closed","sticky":false,"template":"","format":"standard","meta":{"footnotes":""},"categories":[4],"tags":[],"class_list":["post-12698","post","type-post","status-publish","format-standard","has-post-thumbnail","hentry","category-deportes"],"_links":{"self":[{"href":"https:\/\/sertv.gob.pa\/nacionalfm\/wp-json\/wp\/v2\/posts\/12698","targetHints":{"allow":["GET"]}}],"collection":[{"href":"https:\/\/sertv.gob.pa\/nacionalfm\/wp-json\/wp\/v2\/posts"}],"about":[{"href":"https:\/\/sertv.gob.pa\/nacionalfm\/wp-json\/wp\/v2\/types\/post"}],"author":[{"embeddable":true,"href":"https:\/\/sertv.gob.pa\/nacionalfm\/wp-json\/wp\/v2\/users\/1"}],"replies":[{"embeddable":true,"href":"https:\/\/sertv.gob.pa\/nacionalfm\/wp-json\/wp\/v2\/comments?post=12698"}],"version-history":[{"count":0,"href":"https:\/\/sertv.gob.pa\/nacionalfm\/wp-json\/wp\/v2\/posts\/12698\/revisions"}],"wp:featuredmedia":[{"embeddable":true,"href":"https:\/\/sertv.gob.pa\/nacionalfm\/wp-json\/wp\/v2\/media\/12699"}],"wp:attachment":[{"href":"https:\/\/sertv.gob.pa\/nacionalfm\/wp-json\/wp\/v2\/media?parent=12698"}],"wp:term":[{"taxonomy":"category","embeddable":true,"href":"https:\/\/sertv.gob.pa\/nacionalfm\/wp-json\/wp\/v2\/categories?post=12698"},{"taxonomy":"post_tag","embeddable":true,"href":"https:\/\/sertv.gob.pa\/nacionalfm\/wp-json\/wp\/v2\/tags?post=12698"}],"curies":[{"name":"wp","href":"https:\/\/api.w.org\/{rel}","templated":true}]}}