{"id":12700,"date":"2016-05-12T20:52:43","date_gmt":"2016-05-12T20:52:43","guid":{"rendered":""},"modified":"2016-05-12T20:52:43","modified_gmt":"2016-05-12T20:52:43","slug":"metro-y-oeste-se-miden-hoy-en-el-rod-carew","status":"publish","type":"post","link":"https:\/\/sertv.gob.pa\/nacionalfm\/metro-y-oeste-se-miden-hoy-en-el-rod-carew\/","title":{"rendered":"Metro y Oeste se miden hoy en el Rod Carew"},"content":{"rendered":"<p>\n En la continuaci\u00f3n del Campeonato Nacional de B\u00e9isbol Mayor en su edici\u00f3n n\u00famero 73, Panam\u00e1 Oeste se mide a Panam\u00e1 Metro en el Estadio Rod Carew.  <\/p>\n<p> Bocas del Toro y Herrera se enfrentan en el Estadio Rico Cede\u00f1o de Chitr\u00e9 y Chiriqu\u00ed y Col\u00f3n tendr\u00e1n acci\u00f3n en el Roberto Mariano Bula de la Costa Atl\u00e1ntica, todos los partidos arrancar\u00e1n a las 7:00 de la noche.  <\/p>\n","protected":false},"excerpt":{"rendered":"<p>En la continuaci\u00f3n del Campeonato Nacional de B\u00e9isbol Mayor en <a href=\"https:\/\/sertv.gob.pa\/nacionalfm\/metro-y-oeste-se-miden-hoy-en-el-rod-carew\/\"> [&#8230;]<\/a><\/p>\n","protected":false},"author":1,"featured_media":12701,"comment_status":"closed","ping_status":"closed","sticky":false,"template":"","format":"standard","meta":{"footnotes":""},"categories":[4],"tags":[],"class_list":["post-12700","post","type-post","status-publish","format-standard","has-post-thumbnail","hentry","category-deportes"],"_links":{"self":[{"href":"https:\/\/sertv.gob.pa\/nacionalfm\/wp-json\/wp\/v2\/posts\/12700","targetHints":{"allow":["GET"]}}],"collection":[{"href":"https:\/\/sertv.gob.pa\/nacionalfm\/wp-json\/wp\/v2\/posts"}],"about":[{"href":"https:\/\/sertv.gob.pa\/nacionalfm\/wp-json\/wp\/v2\/types\/post"}],"author":[{"embeddable":true,"href":"https:\/\/sertv.gob.pa\/nacionalfm\/wp-json\/wp\/v2\/users\/1"}],"replies":[{"embeddable":true,"href":"https:\/\/sertv.gob.pa\/nacionalfm\/wp-json\/wp\/v2\/comments?post=12700"}],"version-history":[{"count":0,"href":"https:\/\/sertv.gob.pa\/nacionalfm\/wp-json\/wp\/v2\/posts\/12700\/revisions"}],"wp:featuredmedia":[{"embeddable":true,"href":"https:\/\/sertv.gob.pa\/nacionalfm\/wp-json\/wp\/v2\/media\/12701"}],"wp:attachment":[{"href":"https:\/\/sertv.gob.pa\/nacionalfm\/wp-json\/wp\/v2\/media?parent=12700"}],"wp:term":[{"taxonomy":"category","embeddable":true,"href":"https:\/\/sertv.gob.pa\/nacionalfm\/wp-json\/wp\/v2\/categories?post=12700"},{"taxonomy":"post_tag","embeddable":true,"href":"https:\/\/sertv.gob.pa\/nacionalfm\/wp-json\/wp\/v2\/tags?post=12700"}],"curies":[{"name":"wp","href":"https:\/\/api.w.org\/{rel}","templated":true}]}}