{"id":12710,"date":"2016-05-13T14:53:15","date_gmt":"2016-05-13T14:53:15","guid":{"rendered":""},"modified":"2016-05-13T14:53:15","modified_gmt":"2016-05-13T14:53:15","slug":"inauguran-iii-temporada-de-champions-kids-de-san-miguelito","status":"publish","type":"post","link":"https:\/\/sertv.gob.pa\/nacionalfm\/inauguran-iii-temporada-de-champions-kids-de-san-miguelito\/","title":{"rendered":"Inauguran III temporada de Champions Kids de San Miguelito"},"content":{"rendered":"<p>\nRecientemente se inaugur\u00f3 la II Temporada de Futbol Infantil Champions Kids, Copa Alcald\u00eda de San Miguelito, en las 8 zonas del distrito. <\/p>\n<p> El torneo comenz\u00f3 con un regio y multitudinario desfile que parti\u00f3 del CERJU de Santa Librada hasta el Complejo Deportivo de San Miguelito en la Tercera Etapa de Santa Librada, en el que cont\u00f3 con la presencia del alcalde del distrito, Gerald Cumberbatch, el alto directivo de Cable Onda, Nicol\u00e1s Gonz\u00e1lez Revilla, entre otras destacadas personalidades.  <\/p>\n<p>El torneo contar\u00e1 nuevamente con la participaci\u00f3n de equipos de las zonas de: Cerro Batea, Cerro Cocobolo, Pan de Az\u00facar, Samaria, Santa Librada, Santa Marta, Valle de San Isidro y Valle de Urrac\u00e1 sumando un total de 1,400 ni\u00f1os que participan de esta campa\u00f1a. <\/p>\n<p> En el desarrollo de la etapa sectorial, Cerro Batea en Sub9 y La &ldquo;H&rdquo; en Sub11 inician como l\u00edderes de la sede de Cerro Batea; en tanto que en Cerro Cocobolo, Pancho Alem\u00e1n en Sub9 y Villa Fortuna en Sub11 encabezan sus respectivos grupos.  <\/p>\n<p> En Valle de Urrac\u00e1 sectorial, El Diamante y Valle de Urrac\u00e1 encabezan el inicio de las series Sub9 y Sub11, respectivamente; en la zona de Santa Marta, La Cancha lidera el Sub9 y Santa Marta el Sub11; Sina\u00ed y Sector 5 comandan el sector de Samaria en Sub9 y Sub11; La Ensenada en Sub9 y Juventud en Sub11 hacen lo propio liderando la zona de Valle de San Isidro; y la 2da y 3ra Etapa comandan el Sub9 y Sub11 del grupo de Santa Librada.  <\/p>\n<p> Cada zona disputar\u00e1 partidos con equipos en dos categor\u00edas: Sub9 y Sub11, que jugar\u00e1n una ronda regular de cuatro fechas con una semifinal y una final. Los campeones zonales de ambas categor\u00edas, ir\u00e1n a una ronda conocida como Gran Final para escoger al Gran Campe\u00f3n de San Miguelito, en un torneo que se jugar\u00e1 en rondas de cuartos de final, semifinales y finales, todos estos partidos, en el Complejo de la Tercera Etapa de Santa Librada.  <\/p>\n<p>Este s\u00e1bado 14 de mayo de 2016, contin\u00faa la actividad de la segunda temporada del torneo de f\u00fatbol infantil Champions Kids en disputa de la Copa Alcald\u00eda de San Miguelito, en las ocho zonas del distrito. <\/p>\n<p>\u00a0 <\/p>\n<p>\u00a0 <\/p>\n<p>\u00a0 <\/p>\n","protected":false},"excerpt":{"rendered":"<p>Recientemente se inaugur\u00f3 la II Temporada de Futbol Infantil Champions <a href=\"https:\/\/sertv.gob.pa\/nacionalfm\/inauguran-iii-temporada-de-champions-kids-de-san-miguelito\/\"> [&#8230;]<\/a><\/p>\n","protected":false},"author":1,"featured_media":12711,"comment_status":"closed","ping_status":"closed","sticky":false,"template":"","format":"standard","meta":{"footnotes":""},"categories":[4],"tags":[],"class_list":["post-12710","post","type-post","status-publish","format-standard","has-post-thumbnail","hentry","category-deportes"],"_links":{"self":[{"href":"https:\/\/sertv.gob.pa\/nacionalfm\/wp-json\/wp\/v2\/posts\/12710","targetHints":{"allow":["GET"]}}],"collection":[{"href":"https:\/\/sertv.gob.pa\/nacionalfm\/wp-json\/wp\/v2\/posts"}],"about":[{"href":"https:\/\/sertv.gob.pa\/nacionalfm\/wp-json\/wp\/v2\/types\/post"}],"author":[{"embeddable":true,"href":"https:\/\/sertv.gob.pa\/nacionalfm\/wp-json\/wp\/v2\/users\/1"}],"replies":[{"embeddable":true,"href":"https:\/\/sertv.gob.pa\/nacionalfm\/wp-json\/wp\/v2\/comments?post=12710"}],"version-history":[{"count":0,"href":"https:\/\/sertv.gob.pa\/nacionalfm\/wp-json\/wp\/v2\/posts\/12710\/revisions"}],"wp:featuredmedia":[{"embeddable":true,"href":"https:\/\/sertv.gob.pa\/nacionalfm\/wp-json\/wp\/v2\/media\/12711"}],"wp:attachment":[{"href":"https:\/\/sertv.gob.pa\/nacionalfm\/wp-json\/wp\/v2\/media?parent=12710"}],"wp:term":[{"taxonomy":"category","embeddable":true,"href":"https:\/\/sertv.gob.pa\/nacionalfm\/wp-json\/wp\/v2\/categories?post=12710"},{"taxonomy":"post_tag","embeddable":true,"href":"https:\/\/sertv.gob.pa\/nacionalfm\/wp-json\/wp\/v2\/tags?post=12710"}],"curies":[{"name":"wp","href":"https:\/\/api.w.org\/{rel}","templated":true}]}}