{"id":12716,"date":"2016-05-13T15:11:48","date_gmt":"2016-05-13T15:11:48","guid":{"rendered":""},"modified":"2016-05-13T15:11:48","modified_gmt":"2016-05-13T15:11:48","slug":"aportan-75-mil-dolares-para-xiii-carrera-sobre-silla-de-ruedas","status":"publish","type":"post","link":"https:\/\/sertv.gob.pa\/nacionalfm\/aportan-75-mil-dolares-para-xiii-carrera-sobre-silla-de-ruedas\/","title":{"rendered":"Aportan 75 mil d\u00f3lares para XIII Carrera Sobre Silla de Ruedas"},"content":{"rendered":"<p>\nEl Comit\u00e9 organizador de la XIII Carrera sobre Silla de Ruedas 2016 recibi\u00f3 una inyecci\u00f3n econ\u00f3mica de 75 mil d\u00f3lares, en calidad de patrocinio de parte de las autoridades del Instituto Paname\u00f1o de Deportes (PANDEPORTES), Loter\u00eda Nacional de Beneficencia (LNB) y la Secretaria Nacional de Discapacidad (SENADIS). <\/p>\n<p>La iniciativa interinstitucional permitir\u00e1 a la organizaci\u00f3n sufragar los gastos que se generan de esta carrera que este a\u00f1o se realizar\u00e1 en la ciudad de Penonom\u00e9, el domingo 31 de julio y en la que se espera participen unos 150 corredores del pa\u00eds. <\/p>\n<p>PANDEPORTES, como \u00a0rector del deporte nacional aport\u00f3 la suma de $50 mil, la Loter\u00eda Nacional de Beneficencia $15 mil, monto establecido a trav\u00e9s de un convenio, y SENADIS $10 mil. <\/p>\n<p>\u00a0 <\/p>\n","protected":false},"excerpt":{"rendered":"<p>El Comit\u00e9 organizador de la XIII Carrera sobre Silla de <a href=\"https:\/\/sertv.gob.pa\/nacionalfm\/aportan-75-mil-dolares-para-xiii-carrera-sobre-silla-de-ruedas\/\"> [&#8230;]<\/a><\/p>\n","protected":false},"author":1,"featured_media":12717,"comment_status":"closed","ping_status":"closed","sticky":false,"template":"","format":"standard","meta":{"footnotes":""},"categories":[4],"tags":[],"class_list":["post-12716","post","type-post","status-publish","format-standard","has-post-thumbnail","hentry","category-deportes"],"_links":{"self":[{"href":"https:\/\/sertv.gob.pa\/nacionalfm\/wp-json\/wp\/v2\/posts\/12716","targetHints":{"allow":["GET"]}}],"collection":[{"href":"https:\/\/sertv.gob.pa\/nacionalfm\/wp-json\/wp\/v2\/posts"}],"about":[{"href":"https:\/\/sertv.gob.pa\/nacionalfm\/wp-json\/wp\/v2\/types\/post"}],"author":[{"embeddable":true,"href":"https:\/\/sertv.gob.pa\/nacionalfm\/wp-json\/wp\/v2\/users\/1"}],"replies":[{"embeddable":true,"href":"https:\/\/sertv.gob.pa\/nacionalfm\/wp-json\/wp\/v2\/comments?post=12716"}],"version-history":[{"count":0,"href":"https:\/\/sertv.gob.pa\/nacionalfm\/wp-json\/wp\/v2\/posts\/12716\/revisions"}],"wp:featuredmedia":[{"embeddable":true,"href":"https:\/\/sertv.gob.pa\/nacionalfm\/wp-json\/wp\/v2\/media\/12717"}],"wp:attachment":[{"href":"https:\/\/sertv.gob.pa\/nacionalfm\/wp-json\/wp\/v2\/media?parent=12716"}],"wp:term":[{"taxonomy":"category","embeddable":true,"href":"https:\/\/sertv.gob.pa\/nacionalfm\/wp-json\/wp\/v2\/categories?post=12716"},{"taxonomy":"post_tag","embeddable":true,"href":"https:\/\/sertv.gob.pa\/nacionalfm\/wp-json\/wp\/v2\/tags?post=12716"}],"curies":[{"name":"wp","href":"https:\/\/api.w.org\/{rel}","templated":true}]}}