{"id":12718,"date":"2016-05-13T15:22:54","date_gmt":"2016-05-13T15:22:54","guid":{"rendered":""},"modified":"2016-05-13T15:22:54","modified_gmt":"2016-05-13T15:22:54","slug":"castelblanco-espera-repetir-en-japon","status":"publish","type":"post","link":"https:\/\/sertv.gob.pa\/nacionalfm\/castelblanco-espera-repetir-en-japon\/","title":{"rendered":"Castelblanco espera repetir en Jap\u00f3n"},"content":{"rendered":"<p>\nEl fondista paname\u00f1o Jorge Castelblanco estuvo en representaci\u00f3n de los atletas en el anuncio del apoyo de 5 mil balboas a todos los atletas que obtuvieron el cupo a los Juegos Ol\u00edmpicos de R\u00edo de Janeiro, Brasil 2016, por clasificaci\u00f3n directa. <\/p>\n<p>Al finalizar el acto Castelblanco manifest\u00f3 sentirse orgulloso de ser el primer paname\u00f1o en representar a Panam\u00e1 en una marat\u00f3n en juegos ol\u00edmpicos. <\/p>\n<p>Adem\u00e1s, agreg\u00f3 que su meta, particularmente de los resultados en R\u00edo, son repetir para los Juegos Ol\u00edmpicos de Jap\u00f3n. <\/p>\n","protected":false},"excerpt":{"rendered":"<p>El fondista paname\u00f1o Jorge Castelblanco estuvo en representaci\u00f3n de los <a href=\"https:\/\/sertv.gob.pa\/nacionalfm\/castelblanco-espera-repetir-en-japon\/\"> [&#8230;]<\/a><\/p>\n","protected":false},"author":1,"featured_media":12719,"comment_status":"closed","ping_status":"closed","sticky":false,"template":"","format":"standard","meta":{"footnotes":""},"categories":[4],"tags":[],"class_list":["post-12718","post","type-post","status-publish","format-standard","has-post-thumbnail","hentry","category-deportes"],"_links":{"self":[{"href":"https:\/\/sertv.gob.pa\/nacionalfm\/wp-json\/wp\/v2\/posts\/12718","targetHints":{"allow":["GET"]}}],"collection":[{"href":"https:\/\/sertv.gob.pa\/nacionalfm\/wp-json\/wp\/v2\/posts"}],"about":[{"href":"https:\/\/sertv.gob.pa\/nacionalfm\/wp-json\/wp\/v2\/types\/post"}],"author":[{"embeddable":true,"href":"https:\/\/sertv.gob.pa\/nacionalfm\/wp-json\/wp\/v2\/users\/1"}],"replies":[{"embeddable":true,"href":"https:\/\/sertv.gob.pa\/nacionalfm\/wp-json\/wp\/v2\/comments?post=12718"}],"version-history":[{"count":0,"href":"https:\/\/sertv.gob.pa\/nacionalfm\/wp-json\/wp\/v2\/posts\/12718\/revisions"}],"wp:featuredmedia":[{"embeddable":true,"href":"https:\/\/sertv.gob.pa\/nacionalfm\/wp-json\/wp\/v2\/media\/12719"}],"wp:attachment":[{"href":"https:\/\/sertv.gob.pa\/nacionalfm\/wp-json\/wp\/v2\/media?parent=12718"}],"wp:term":[{"taxonomy":"category","embeddable":true,"href":"https:\/\/sertv.gob.pa\/nacionalfm\/wp-json\/wp\/v2\/categories?post=12718"},{"taxonomy":"post_tag","embeddable":true,"href":"https:\/\/sertv.gob.pa\/nacionalfm\/wp-json\/wp\/v2\/tags?post=12718"}],"curies":[{"name":"wp","href":"https:\/\/api.w.org\/{rel}","templated":true}]}}