{"id":12728,"date":"2016-05-13T16:21:41","date_gmt":"2016-05-13T16:21:41","guid":{"rendered":""},"modified":"2016-05-13T16:21:41","modified_gmt":"2016-05-13T16:21:41","slug":"en-alemania-primer-contagio-de-zika-por-transmision-sexual","status":"publish","type":"post","link":"https:\/\/sertv.gob.pa\/nacionalfm\/en-alemania-primer-contagio-de-zika-por-transmision-sexual\/","title":{"rendered":"En Alemania, primer contagio de zika por transmisi\u00f3n sexual"},"content":{"rendered":"<p>\nHoy, e l Instituto Robert Koch (RKI) de virolog\u00eda de Berl\u00edn inform\u00f3 \u00a0del primer caso de contagio del virus del Zika por transmisi\u00f3n sexual en Alemania. <\/p>\n<p>Debido a la estaci\u00f3n del a\u00f1o y a la zona geogr\u00e1fica se puede descartar que el virus haya sido transmitido por un mosquito, subraya el RKI en un comunicado. <\/p>\n<p>La persona afectada es una mujer que mantuvo relaciones sexuales con su pareja sin protecci\u00f3n. <\/p>\n<p>Seg\u00fan el instituto, el hombre estuvo a principios de abril en Puerto Rico y luego de su regreso a Alemania\u00a0 empez\u00f3 \u00a0a presentar s\u00edntomas propios de una infecci\u00f3n por el virus del Zika. <\/p>\n<p>El Instituto de Medicina Tropical Bernhard Nocht detect\u00f3 en una prueba de orina el genoma del virus del Zika, adem\u00e1s de constatarse la presencia de anticuerpos. <\/p>\n<p>La mujer, que desde mediados de enero de 2016 no hab\u00eda estado en ninguna regi\u00f3n donde est\u00e1 extendido el virus, desarroll\u00f3 s\u00edntomas de contagio dos semanas despu\u00e9s que su pareja. <\/p>\n<p>Aunque la principal v\u00eda de contagio del virus del Zika es el mosquito Aedes aegypti, a ella se suman ahora los casos de infecci\u00f3n por transmisi\u00f3n sexual. <\/p>\n<p>\u00a0 <\/p>\n","protected":false},"excerpt":{"rendered":"<p>Hoy, e l Instituto Robert Koch (RKI) de virolog\u00eda de <a href=\"https:\/\/sertv.gob.pa\/nacionalfm\/en-alemania-primer-contagio-de-zika-por-transmision-sexual\/\"> [&#8230;]<\/a><\/p>\n","protected":false},"author":1,"featured_media":12729,"comment_status":"closed","ping_status":"closed","sticky":false,"template":"","format":"standard","meta":{"footnotes":""},"categories":[5],"tags":[],"class_list":["post-12728","post","type-post","status-publish","format-standard","has-post-thumbnail","hentry","category-salud"],"_links":{"self":[{"href":"https:\/\/sertv.gob.pa\/nacionalfm\/wp-json\/wp\/v2\/posts\/12728","targetHints":{"allow":["GET"]}}],"collection":[{"href":"https:\/\/sertv.gob.pa\/nacionalfm\/wp-json\/wp\/v2\/posts"}],"about":[{"href":"https:\/\/sertv.gob.pa\/nacionalfm\/wp-json\/wp\/v2\/types\/post"}],"author":[{"embeddable":true,"href":"https:\/\/sertv.gob.pa\/nacionalfm\/wp-json\/wp\/v2\/users\/1"}],"replies":[{"embeddable":true,"href":"https:\/\/sertv.gob.pa\/nacionalfm\/wp-json\/wp\/v2\/comments?post=12728"}],"version-history":[{"count":0,"href":"https:\/\/sertv.gob.pa\/nacionalfm\/wp-json\/wp\/v2\/posts\/12728\/revisions"}],"wp:featuredmedia":[{"embeddable":true,"href":"https:\/\/sertv.gob.pa\/nacionalfm\/wp-json\/wp\/v2\/media\/12729"}],"wp:attachment":[{"href":"https:\/\/sertv.gob.pa\/nacionalfm\/wp-json\/wp\/v2\/media?parent=12728"}],"wp:term":[{"taxonomy":"category","embeddable":true,"href":"https:\/\/sertv.gob.pa\/nacionalfm\/wp-json\/wp\/v2\/categories?post=12728"},{"taxonomy":"post_tag","embeddable":true,"href":"https:\/\/sertv.gob.pa\/nacionalfm\/wp-json\/wp\/v2\/tags?post=12728"}],"curies":[{"name":"wp","href":"https:\/\/api.w.org\/{rel}","templated":true}]}}