{"id":12732,"date":"2016-05-13T19:01:00","date_gmt":"2016-05-13T19:01:00","guid":{"rendered":""},"modified":"2016-05-13T19:01:00","modified_gmt":"2016-05-13T19:01:00","slug":"inventan-segunda-piel-para-esconder-arrugas","status":"publish","type":"post","link":"https:\/\/sertv.gob.pa\/nacionalfm\/inventan-segunda-piel-para-esconder-arrugas\/","title":{"rendered":"Inventan \u00absegunda piel\u00bb para esconder arrugas"},"content":{"rendered":"<p>\nCient\u00edficos en Estados Unidos aseguran haber desarrollado una fina capa el\u00e1stica e invisible que puede aplicarse a la piel para tapar las arrugas y las bolsas de los ojos. <\/p>\n<p>Equipos de la Escuela de Medicina de Harvard y el Massachusetts Institute of Technology (MIT) revelaron que, una vez aplicada, la f\u00f3rmula se seca para formar una capa que \u00bb imita las propiedades de una piel joven \u00ab, seg\u00fan informa la revista online Nature Materials. <\/p>\n<p>Por ahora, la capa est\u00e1 siendo estudiada como un  producto cosm\u00e9tico comercial , pero los cient\u00edficos de Estados Unidos dicen que su \u00bb segunda piel\u00bb puede finalmente utilizarse como una forma de protecci\u00f3n solar . <\/p>\n<p>\u00a0 <\/p>\n","protected":false},"excerpt":{"rendered":"<p>Cient\u00edficos en Estados Unidos aseguran haber desarrollado una fina capa <a href=\"https:\/\/sertv.gob.pa\/nacionalfm\/inventan-segunda-piel-para-esconder-arrugas\/\"> [&#8230;]<\/a><\/p>\n","protected":false},"author":1,"featured_media":12733,"comment_status":"closed","ping_status":"closed","sticky":false,"template":"","format":"standard","meta":{"footnotes":""},"categories":[5],"tags":[],"class_list":["post-12732","post","type-post","status-publish","format-standard","has-post-thumbnail","hentry","category-salud"],"_links":{"self":[{"href":"https:\/\/sertv.gob.pa\/nacionalfm\/wp-json\/wp\/v2\/posts\/12732","targetHints":{"allow":["GET"]}}],"collection":[{"href":"https:\/\/sertv.gob.pa\/nacionalfm\/wp-json\/wp\/v2\/posts"}],"about":[{"href":"https:\/\/sertv.gob.pa\/nacionalfm\/wp-json\/wp\/v2\/types\/post"}],"author":[{"embeddable":true,"href":"https:\/\/sertv.gob.pa\/nacionalfm\/wp-json\/wp\/v2\/users\/1"}],"replies":[{"embeddable":true,"href":"https:\/\/sertv.gob.pa\/nacionalfm\/wp-json\/wp\/v2\/comments?post=12732"}],"version-history":[{"count":0,"href":"https:\/\/sertv.gob.pa\/nacionalfm\/wp-json\/wp\/v2\/posts\/12732\/revisions"}],"wp:featuredmedia":[{"embeddable":true,"href":"https:\/\/sertv.gob.pa\/nacionalfm\/wp-json\/wp\/v2\/media\/12733"}],"wp:attachment":[{"href":"https:\/\/sertv.gob.pa\/nacionalfm\/wp-json\/wp\/v2\/media?parent=12732"}],"wp:term":[{"taxonomy":"category","embeddable":true,"href":"https:\/\/sertv.gob.pa\/nacionalfm\/wp-json\/wp\/v2\/categories?post=12732"},{"taxonomy":"post_tag","embeddable":true,"href":"https:\/\/sertv.gob.pa\/nacionalfm\/wp-json\/wp\/v2\/tags?post=12732"}],"curies":[{"name":"wp","href":"https:\/\/api.w.org\/{rel}","templated":true}]}}