{"id":12766,"date":"2016-05-16T18:38:34","date_gmt":"2016-05-16T18:38:34","guid":{"rendered":""},"modified":"2016-05-16T18:38:34","modified_gmt":"2016-05-16T18:38:34","slug":"campana-contra-cancer-de-piel-en-el-instituto-oncologico-nacional","status":"publish","type":"post","link":"https:\/\/sertv.gob.pa\/nacionalfm\/campana-contra-cancer-de-piel-en-el-instituto-oncologico-nacional\/","title":{"rendered":"Campa\u00f1a contra c\u00e1ncer de Piel en el Instituto Oncol\u00f3gico Nacional"},"content":{"rendered":"<p>\nDesde el a\u00f1o 2002 unas 10 mil personas han sido atendidas en las campa\u00f1as de detecci\u00f3n y prevenci\u00f3n del c\u00e1ncer de piel que lleva a cabo Fundac\u00e1ncer, en conjunto con el Instituto Oncol\u00f3gico Nacional y la Asociaci\u00f3n Paname\u00f1a de Dermatolog\u00eda. <\/p>\n<p>De estos, 600 casos de c\u00e1ncer de piel han sido detectados, seg\u00fan cifras proporcionadas por  Fundac\u00e1ncer . \u00a0 <\/p>\n<p>Este mes de mayo han continuado las jornadas de revisi\u00f3n gratuita, para todo p\u00fablico, como parte de la campa\u00f1a de prevenci\u00f3n de c\u00e1ncer de piel. \u00a0 <\/p>\n<p>En las actividades 200 cupos est\u00e1n disponibles todos los martes, a partir de las 6:30 a.m., en la cl\u00ednica Irene Scoffery del Instituto Oncol\u00f3gico Nacional. \u00a0 <\/p>\n<p>En lo que va de la campa\u00f1a (martes 3 y 10 de mayo) se han atendido a 230 personas, seg\u00fan la fundaci\u00f3n. \u00a0 <\/p>\n<p>Las pr\u00f3ximas citas ser\u00e1n el 17, 24 y 31 de mayo pr\u00f3ximo. \u00a0 <\/p>\n<p>Voceros de la fundaci\u00f3n han recomendado a las personas que lleven sus c\u00e9dulas y acudir lo m\u00e1s temprano posible a la cl\u00ednica. Ser\u00e1n atendidos por\u00a0cuatro especialistas de la Asociaci\u00f3n Paname\u00f1a de Dermatolog\u00eda.\u00a0 <\/p>\n<p>\u00a0 <\/p>\n","protected":false},"excerpt":{"rendered":"<p>Desde el a\u00f1o 2002 unas 10 mil personas han sido <a href=\"https:\/\/sertv.gob.pa\/nacionalfm\/campana-contra-cancer-de-piel-en-el-instituto-oncologico-nacional\/\"> [&#8230;]<\/a><\/p>\n","protected":false},"author":1,"featured_media":12767,"comment_status":"closed","ping_status":"closed","sticky":false,"template":"","format":"standard","meta":{"footnotes":""},"categories":[5],"tags":[],"class_list":["post-12766","post","type-post","status-publish","format-standard","has-post-thumbnail","hentry","category-salud"],"_links":{"self":[{"href":"https:\/\/sertv.gob.pa\/nacionalfm\/wp-json\/wp\/v2\/posts\/12766","targetHints":{"allow":["GET"]}}],"collection":[{"href":"https:\/\/sertv.gob.pa\/nacionalfm\/wp-json\/wp\/v2\/posts"}],"about":[{"href":"https:\/\/sertv.gob.pa\/nacionalfm\/wp-json\/wp\/v2\/types\/post"}],"author":[{"embeddable":true,"href":"https:\/\/sertv.gob.pa\/nacionalfm\/wp-json\/wp\/v2\/users\/1"}],"replies":[{"embeddable":true,"href":"https:\/\/sertv.gob.pa\/nacionalfm\/wp-json\/wp\/v2\/comments?post=12766"}],"version-history":[{"count":0,"href":"https:\/\/sertv.gob.pa\/nacionalfm\/wp-json\/wp\/v2\/posts\/12766\/revisions"}],"wp:featuredmedia":[{"embeddable":true,"href":"https:\/\/sertv.gob.pa\/nacionalfm\/wp-json\/wp\/v2\/media\/12767"}],"wp:attachment":[{"href":"https:\/\/sertv.gob.pa\/nacionalfm\/wp-json\/wp\/v2\/media?parent=12766"}],"wp:term":[{"taxonomy":"category","embeddable":true,"href":"https:\/\/sertv.gob.pa\/nacionalfm\/wp-json\/wp\/v2\/categories?post=12766"},{"taxonomy":"post_tag","embeddable":true,"href":"https:\/\/sertv.gob.pa\/nacionalfm\/wp-json\/wp\/v2\/tags?post=12766"}],"curies":[{"name":"wp","href":"https:\/\/api.w.org\/{rel}","templated":true}]}}