{"id":1277,"date":"2014-08-27T05:00:00","date_gmt":"2014-08-27T05:00:00","guid":{"rendered":""},"modified":"2014-08-27T05:00:00","modified_gmt":"2014-08-27T05:00:00","slug":"la-oms-retira-a-su-personal-sanitario-en-sierra-leona","status":"publish","type":"post","link":"https:\/\/sertv.gob.pa\/nacionalfm\/la-oms-retira-a-su-personal-sanitario-en-sierra-leona\/","title":{"rendered":"La OMS retira a su personal sanitario en Sierra Leona"},"content":{"rendered":"<p>\nLa Organizaci\u00f3n Mundial de la Salud (OMS) ha \u00abretirado temporalmente\u00bb a su personal sanitario de la localidad de Kailahun, en Sierra Leona, donde se infect\u00f3 de \u00e9bola un epidemi\u00f3logo senegal\u00e9s que laboraba con la instituci\u00f3n. <\/p>\n<p>\u00abEsto ha sido lo m\u00e1s responsable que pod\u00edamos hacer. El equipo ha pasado por un periodo muy traum\u00e1tico con este incidente (el contagio). Est\u00e1n exhaustos luego de muchas semanas de trabajo heroico, ayudando a pacientes infectados con \u00e9bola. Cuando a\u00f1ades un elemento estresante como este, el riesgo de accidentes se incrementa\u00bb, afirm\u00f3, citado en un comunicado, Daniel Kertesz, representante de la OMS en Sierra Leona. <\/p>\n<p>La OMS mand\u00f3 \u00a0otro equipo a dicha ciudad para investigar el incidente donde el epidemi\u00f3logo senegal\u00e9s se infect\u00f3, verificar las condiciones de trabajo y residencia de los trabajadores de salud e identificar los factores que pueden aumentar el riesgo de contagio. <\/p>\n<p>\u00abEntendemos que esta acci\u00f3n interrumpir\u00e1 el trabajo a corto plazo, pero ayudar\u00e1 a proteger a los trabajadores de salud y esto ayudar\u00e1 a la comunidad a largo plazo\u00bb, manifest\u00f3 Kertesz. <\/p>\n<p>Una vez la investigaci\u00f3n se haya completado y se hayan tomado las medidas necesarias, la OMS trasladar\u00e1 al equipo de nuevo a Kailahun.\u00a0 @nacionalFm <\/p>\n<p>\u00a0 <\/p>\n","protected":false},"excerpt":{"rendered":"<p>La Organizaci\u00f3n Mundial de la Salud (OMS) ha \u00abretirado temporalmente\u00bb <a href=\"https:\/\/sertv.gob.pa\/nacionalfm\/la-oms-retira-a-su-personal-sanitario-en-sierra-leona\/\"> [&#8230;]<\/a><\/p>\n","protected":false},"author":1,"featured_media":1278,"comment_status":"closed","ping_status":"closed","sticky":false,"template":"","format":"standard","meta":{"footnotes":""},"categories":[5],"tags":[],"class_list":["post-1277","post","type-post","status-publish","format-standard","has-post-thumbnail","hentry","category-salud"],"_links":{"self":[{"href":"https:\/\/sertv.gob.pa\/nacionalfm\/wp-json\/wp\/v2\/posts\/1277","targetHints":{"allow":["GET"]}}],"collection":[{"href":"https:\/\/sertv.gob.pa\/nacionalfm\/wp-json\/wp\/v2\/posts"}],"about":[{"href":"https:\/\/sertv.gob.pa\/nacionalfm\/wp-json\/wp\/v2\/types\/post"}],"author":[{"embeddable":true,"href":"https:\/\/sertv.gob.pa\/nacionalfm\/wp-json\/wp\/v2\/users\/1"}],"replies":[{"embeddable":true,"href":"https:\/\/sertv.gob.pa\/nacionalfm\/wp-json\/wp\/v2\/comments?post=1277"}],"version-history":[{"count":0,"href":"https:\/\/sertv.gob.pa\/nacionalfm\/wp-json\/wp\/v2\/posts\/1277\/revisions"}],"wp:featuredmedia":[{"embeddable":true,"href":"https:\/\/sertv.gob.pa\/nacionalfm\/wp-json\/wp\/v2\/media\/1278"}],"wp:attachment":[{"href":"https:\/\/sertv.gob.pa\/nacionalfm\/wp-json\/wp\/v2\/media?parent=1277"}],"wp:term":[{"taxonomy":"category","embeddable":true,"href":"https:\/\/sertv.gob.pa\/nacionalfm\/wp-json\/wp\/v2\/categories?post=1277"},{"taxonomy":"post_tag","embeddable":true,"href":"https:\/\/sertv.gob.pa\/nacionalfm\/wp-json\/wp\/v2\/tags?post=1277"}],"curies":[{"name":"wp","href":"https:\/\/api.w.org\/{rel}","templated":true}]}}