{"id":12786,"date":"2016-05-17T15:36:16","date_gmt":"2016-05-17T15:36:16","guid":{"rendered":""},"modified":"2016-05-17T15:36:16","modified_gmt":"2016-05-17T15:36:16","slug":"poblacion-de-bocas-del-toro-con-muchos-criaderos-de-mosquitos","status":"publish","type":"post","link":"https:\/\/sertv.gob.pa\/nacionalfm\/poblacion-de-bocas-del-toro-con-muchos-criaderos-de-mosquitos\/","title":{"rendered":"Poblaci\u00f3n de Bocas del Toro con muchos criaderos de mosquitos"},"content":{"rendered":"<p>\nUn contingente de funcionarios del Ministerio de Salud (Minsa) se traslad\u00f3 a la comunidad de D\u00e9bora localizada en el corregimiento de Guabito en la provincia de Bocas del Toro, pues varios residentes denunciaron que a algunos se les hab\u00eda diagnosticado dengue, por lo que estaban preocupados por la cantidad de criaderos. <\/p>\n<p>Al llegar el personal especializado en el control de vectores se pudo percatar de que la mayor\u00eda de los criaderos est\u00e1n en las casas, dentro de potes para flores, en tanques u otro tipo de envases para acumulaci\u00f3n de agua, etc. <\/p>\n<p>En visitas anteriores de los funcionarios se les hab\u00eda advertido a los moradores sobre los riesgos de mantener criaderos y se les se\u00f1al\u00f3 c\u00f3mo eliminarlos para evitar la proliferaci\u00f3n de los insectos, pero no se hizo caso. <\/p>\n<p>Ayer se nebuliz\u00f3 toda la barriada, habitada por unas 300 personas, como medida de prevenci\u00f3n para evitar la proliferaci\u00f3n de mosquitos, indic\u00f3 el doctor Darril Padmore, director provincial del Minsa. <\/p>\n<p>\u00a0 <\/p>\n","protected":false},"excerpt":{"rendered":"<p>Un contingente de funcionarios del Ministerio de Salud (Minsa) se <a href=\"https:\/\/sertv.gob.pa\/nacionalfm\/poblacion-de-bocas-del-toro-con-muchos-criaderos-de-mosquitos\/\"> [&#8230;]<\/a><\/p>\n","protected":false},"author":1,"featured_media":12787,"comment_status":"closed","ping_status":"closed","sticky":false,"template":"","format":"standard","meta":{"footnotes":""},"categories":[5],"tags":[],"class_list":["post-12786","post","type-post","status-publish","format-standard","has-post-thumbnail","hentry","category-salud"],"_links":{"self":[{"href":"https:\/\/sertv.gob.pa\/nacionalfm\/wp-json\/wp\/v2\/posts\/12786","targetHints":{"allow":["GET"]}}],"collection":[{"href":"https:\/\/sertv.gob.pa\/nacionalfm\/wp-json\/wp\/v2\/posts"}],"about":[{"href":"https:\/\/sertv.gob.pa\/nacionalfm\/wp-json\/wp\/v2\/types\/post"}],"author":[{"embeddable":true,"href":"https:\/\/sertv.gob.pa\/nacionalfm\/wp-json\/wp\/v2\/users\/1"}],"replies":[{"embeddable":true,"href":"https:\/\/sertv.gob.pa\/nacionalfm\/wp-json\/wp\/v2\/comments?post=12786"}],"version-history":[{"count":0,"href":"https:\/\/sertv.gob.pa\/nacionalfm\/wp-json\/wp\/v2\/posts\/12786\/revisions"}],"wp:featuredmedia":[{"embeddable":true,"href":"https:\/\/sertv.gob.pa\/nacionalfm\/wp-json\/wp\/v2\/media\/12787"}],"wp:attachment":[{"href":"https:\/\/sertv.gob.pa\/nacionalfm\/wp-json\/wp\/v2\/media?parent=12786"}],"wp:term":[{"taxonomy":"category","embeddable":true,"href":"https:\/\/sertv.gob.pa\/nacionalfm\/wp-json\/wp\/v2\/categories?post=12786"},{"taxonomy":"post_tag","embeddable":true,"href":"https:\/\/sertv.gob.pa\/nacionalfm\/wp-json\/wp\/v2\/tags?post=12786"}],"curies":[{"name":"wp","href":"https:\/\/api.w.org\/{rel}","templated":true}]}}