{"id":1279,"date":"2014-08-27T05:00:00","date_gmt":"2014-08-27T05:00:00","guid":{"rendered":""},"modified":"2014-08-27T05:00:00","modified_gmt":"2014-08-27T05:00:00","slug":"pacientes-con-vih-o-sida-fallecen-al-esperar-por-farmacos","status":"publish","type":"post","link":"https:\/\/sertv.gob.pa\/nacionalfm\/pacientes-con-vih-o-sida-fallecen-al-esperar-por-farmacos\/","title":{"rendered":"Pacientes con VIH o Sida fallecen al esperar por f\u00e1rmacos"},"content":{"rendered":"<p>\nOrlando Quintero, de la fundaci\u00f3n Probisida, se\u00f1al\u00f3 que los medicamentos para los pacientes con VIH o Sida se adquieren por compras directas, y al existir desabastecimiento de los insumos hay pacientes que los necesitan y al esperarlos mueren. <\/p>\n<p>Actualmente el proceso de compras est\u00e1 afectado por demandas, por eso hay compras directas y no actos p\u00fablicos. <\/p>\n<p>&ldquo;Ya hay desabastecimiento de medicamentos para los pacientes de VIH o Sida y va a ser peor&rdquo;, se\u00f1al\u00f3 Quintero en TVN-Noticias. <\/p>\n<p>Quintero, asegur\u00f3 que en Panam\u00e1 existen 5,000 pacientes con VIH. <\/p>\n<p>La educaci\u00f3n sexual es importante para evitar el contagio de las enfermedades de transmisi\u00f3n sexual, agreg\u00f3 Quintero.\u00a0 @nacionalFm <\/p>\n","protected":false},"excerpt":{"rendered":"<p>Orlando Quintero, de la fundaci\u00f3n Probisida, se\u00f1al\u00f3 que los medicamentos <a href=\"https:\/\/sertv.gob.pa\/nacionalfm\/pacientes-con-vih-o-sida-fallecen-al-esperar-por-farmacos\/\"> [&#8230;]<\/a><\/p>\n","protected":false},"author":1,"featured_media":1280,"comment_status":"closed","ping_status":"closed","sticky":false,"template":"","format":"standard","meta":{"footnotes":""},"categories":[5],"tags":[],"class_list":["post-1279","post","type-post","status-publish","format-standard","has-post-thumbnail","hentry","category-salud"],"_links":{"self":[{"href":"https:\/\/sertv.gob.pa\/nacionalfm\/wp-json\/wp\/v2\/posts\/1279","targetHints":{"allow":["GET"]}}],"collection":[{"href":"https:\/\/sertv.gob.pa\/nacionalfm\/wp-json\/wp\/v2\/posts"}],"about":[{"href":"https:\/\/sertv.gob.pa\/nacionalfm\/wp-json\/wp\/v2\/types\/post"}],"author":[{"embeddable":true,"href":"https:\/\/sertv.gob.pa\/nacionalfm\/wp-json\/wp\/v2\/users\/1"}],"replies":[{"embeddable":true,"href":"https:\/\/sertv.gob.pa\/nacionalfm\/wp-json\/wp\/v2\/comments?post=1279"}],"version-history":[{"count":0,"href":"https:\/\/sertv.gob.pa\/nacionalfm\/wp-json\/wp\/v2\/posts\/1279\/revisions"}],"wp:featuredmedia":[{"embeddable":true,"href":"https:\/\/sertv.gob.pa\/nacionalfm\/wp-json\/wp\/v2\/media\/1280"}],"wp:attachment":[{"href":"https:\/\/sertv.gob.pa\/nacionalfm\/wp-json\/wp\/v2\/media?parent=1279"}],"wp:term":[{"taxonomy":"category","embeddable":true,"href":"https:\/\/sertv.gob.pa\/nacionalfm\/wp-json\/wp\/v2\/categories?post=1279"},{"taxonomy":"post_tag","embeddable":true,"href":"https:\/\/sertv.gob.pa\/nacionalfm\/wp-json\/wp\/v2\/tags?post=1279"}],"curies":[{"name":"wp","href":"https:\/\/api.w.org\/{rel}","templated":true}]}}