{"id":12790,"date":"2016-05-17T15:42:12","date_gmt":"2016-05-17T15:42:12","guid":{"rendered":""},"modified":"2016-05-17T15:42:12","modified_gmt":"2016-05-17T15:42:12","slug":"inician-hoy-semifinales-del-beisbol-nacional-mayor","status":"publish","type":"post","link":"https:\/\/sertv.gob.pa\/nacionalfm\/inician-hoy-semifinales-del-beisbol-nacional-mayor\/","title":{"rendered":"Inician hoy semifinales del B\u00e9isbol Nacional Mayor"},"content":{"rendered":"<p>\nHoy en el Estadio Roberto Mariano Bula de la Costa Atl\u00e1ntica inicia la Serie Semifinal del Campeonato Nacional de B\u00e9isbol Mayor en su versi\u00f3n 73, dedicado al ingeniero Eduardo De Bello. <\/p>\n<p>El partido inicial de la serie ser\u00e1 entre Col\u00f3n y la provincia de Herrera a las 7: 00 de la noche. Ma\u00f1ana se enfrentan Bocas del Toro y Panam\u00e1 Metro en el Estadio Rod Carew y Herrera y Col\u00f3n en el Roberto Mariano Bula, los dos partidos se efectuar\u00e1n a las 7: 00 de la noche. <\/p>\n","protected":false},"excerpt":{"rendered":"<p>Hoy en el Estadio Roberto Mariano Bula de la Costa <a href=\"https:\/\/sertv.gob.pa\/nacionalfm\/inician-hoy-semifinales-del-beisbol-nacional-mayor\/\"> [&#8230;]<\/a><\/p>\n","protected":false},"author":1,"featured_media":12791,"comment_status":"closed","ping_status":"closed","sticky":false,"template":"","format":"standard","meta":{"footnotes":""},"categories":[4],"tags":[],"class_list":["post-12790","post","type-post","status-publish","format-standard","has-post-thumbnail","hentry","category-deportes"],"_links":{"self":[{"href":"https:\/\/sertv.gob.pa\/nacionalfm\/wp-json\/wp\/v2\/posts\/12790","targetHints":{"allow":["GET"]}}],"collection":[{"href":"https:\/\/sertv.gob.pa\/nacionalfm\/wp-json\/wp\/v2\/posts"}],"about":[{"href":"https:\/\/sertv.gob.pa\/nacionalfm\/wp-json\/wp\/v2\/types\/post"}],"author":[{"embeddable":true,"href":"https:\/\/sertv.gob.pa\/nacionalfm\/wp-json\/wp\/v2\/users\/1"}],"replies":[{"embeddable":true,"href":"https:\/\/sertv.gob.pa\/nacionalfm\/wp-json\/wp\/v2\/comments?post=12790"}],"version-history":[{"count":0,"href":"https:\/\/sertv.gob.pa\/nacionalfm\/wp-json\/wp\/v2\/posts\/12790\/revisions"}],"wp:featuredmedia":[{"embeddable":true,"href":"https:\/\/sertv.gob.pa\/nacionalfm\/wp-json\/wp\/v2\/media\/12791"}],"wp:attachment":[{"href":"https:\/\/sertv.gob.pa\/nacionalfm\/wp-json\/wp\/v2\/media?parent=12790"}],"wp:term":[{"taxonomy":"category","embeddable":true,"href":"https:\/\/sertv.gob.pa\/nacionalfm\/wp-json\/wp\/v2\/categories?post=12790"},{"taxonomy":"post_tag","embeddable":true,"href":"https:\/\/sertv.gob.pa\/nacionalfm\/wp-json\/wp\/v2\/tags?post=12790"}],"curies":[{"name":"wp","href":"https:\/\/api.w.org\/{rel}","templated":true}]}}