{"id":12792,"date":"2016-05-17T15:54:51","date_gmt":"2016-05-17T15:54:51","guid":{"rendered":""},"modified":"2016-05-17T15:54:51","modified_gmt":"2016-05-17T15:54:51","slug":"eric-castro-espera-hundir-otro-barco-ante-el-cientifico-nunez","status":"publish","type":"post","link":"https:\/\/sertv.gob.pa\/nacionalfm\/eric-castro-espera-hundir-otro-barco-ante-el-cientifico-nunez\/","title":{"rendered":"Eric Castro espera hundir otro barco, ante \u201cEl Cient\u00edfico\u201d N\u00fa\u00f1ez"},"content":{"rendered":"<p>\n El p\u00fagil sante\u00f1o Eric Castro, se encuentra en la recta final de su preparaci\u00f3n para su encuentro ante el clasificado mundial de los pesos superplumas de la Asociaci\u00f3n Mundial de Boxeo Ricardo &ldquo;El Cient\u00edfico&rdquo; N\u00fa\u00f1ez, el pr\u00f3ximo 27 de mayo en el Centro de Convenciones Vasco N\u00fa\u00f1ez de Balboa en la que espera hundir otro barco, en la velada denominada &ldquo;Bajo Fuego&rdquo; .  <\/p>\n<p> En la Copa Jos\u00e9 Sulaim\u00e1n In Memoriam venci\u00f3 por la ruta m\u00e1s corta a &ldquo;The Viper&rdquo; Adir S\u00e1nchez, Barney Arg\u00fcelles y al hasta entonces invicto Eric &ldquo;El L\u00e1tigo&rdquo; Castro, posteriormente le dio el desquite a &ldquo;The Viper&rdquo; S\u00e1nchez y se lo gan\u00f3 por decisi\u00f3n mayoritaria.  <\/p>\n<p> Castro contin\u00faa sus entrenamientos bajo las atenciones de sus entrenadores Celso Ch\u00e1vez y Vladimir &ldquo;Puchito&rdquo; Branda, este \u00faltimo asegura que su pupilo Castro saldr\u00e1 con las manos en alto  <\/p>\n","protected":false},"excerpt":{"rendered":"<p>El p\u00fagil sante\u00f1o Eric Castro, se encuentra en la recta <a href=\"https:\/\/sertv.gob.pa\/nacionalfm\/eric-castro-espera-hundir-otro-barco-ante-el-cientifico-nunez\/\"> [&#8230;]<\/a><\/p>\n","protected":false},"author":1,"featured_media":12793,"comment_status":"closed","ping_status":"closed","sticky":false,"template":"","format":"standard","meta":{"footnotes":""},"categories":[4],"tags":[],"class_list":["post-12792","post","type-post","status-publish","format-standard","has-post-thumbnail","hentry","category-deportes"],"_links":{"self":[{"href":"https:\/\/sertv.gob.pa\/nacionalfm\/wp-json\/wp\/v2\/posts\/12792","targetHints":{"allow":["GET"]}}],"collection":[{"href":"https:\/\/sertv.gob.pa\/nacionalfm\/wp-json\/wp\/v2\/posts"}],"about":[{"href":"https:\/\/sertv.gob.pa\/nacionalfm\/wp-json\/wp\/v2\/types\/post"}],"author":[{"embeddable":true,"href":"https:\/\/sertv.gob.pa\/nacionalfm\/wp-json\/wp\/v2\/users\/1"}],"replies":[{"embeddable":true,"href":"https:\/\/sertv.gob.pa\/nacionalfm\/wp-json\/wp\/v2\/comments?post=12792"}],"version-history":[{"count":0,"href":"https:\/\/sertv.gob.pa\/nacionalfm\/wp-json\/wp\/v2\/posts\/12792\/revisions"}],"wp:featuredmedia":[{"embeddable":true,"href":"https:\/\/sertv.gob.pa\/nacionalfm\/wp-json\/wp\/v2\/media\/12793"}],"wp:attachment":[{"href":"https:\/\/sertv.gob.pa\/nacionalfm\/wp-json\/wp\/v2\/media?parent=12792"}],"wp:term":[{"taxonomy":"category","embeddable":true,"href":"https:\/\/sertv.gob.pa\/nacionalfm\/wp-json\/wp\/v2\/categories?post=12792"},{"taxonomy":"post_tag","embeddable":true,"href":"https:\/\/sertv.gob.pa\/nacionalfm\/wp-json\/wp\/v2\/tags?post=12792"}],"curies":[{"name":"wp","href":"https:\/\/api.w.org\/{rel}","templated":true}]}}