{"id":12822,"date":"2016-05-18T15:49:55","date_gmt":"2016-05-18T15:49:55","guid":{"rendered":""},"modified":"2016-05-18T15:49:55","modified_gmt":"2016-05-18T15:49:55","slug":"crean-clon-del-zika","status":"publish","type":"post","link":"https:\/\/sertv.gob.pa\/nacionalfm\/crean-clon-del-zika\/","title":{"rendered":"Crean clon del Zika"},"content":{"rendered":"<p>\nUn grupo de investigadores estadounidenses cre\u00f3 un clon del  virus Zika \u00a0que podr\u00eda acelerar los estudios en curso para poner a punto una vacuna y un antiviral. <\/p>\n<p>Este potencial avance publicado el lunes en la revista  Cell Host and Microbe  deber\u00eda igualmente ayudar a los vir\u00f3logos a determinar si las variedades actuales de Zika registran mutaciones que les permitan propagarse m\u00e1s r\u00e1pidamente y provocar s\u00edntomas m\u00e1s severos.\u00bb <\/p>\n<p>El nuevo clon del Zika, que se agrega a la puesta a punto de un modelo matem\u00e1tico de las infecciones transmitidas por los mosquitos y de un modelo animal de investigaci\u00f3n, en este caso el mosquito, representa un avance importante para determinar por qu\u00e9 este virus es responsable de malformaciones graves como la micro-encefalitis de feto\u00bb, estima Pei-Yong Shi, profesor en la rama de medicina de la universidad de Texas, uno de los principales autores del trabajo. <\/p>\n<p>El Instituto estadounidense de alergias y enfermedades infecciosas (NAID, por su sigla en ingl\u00e9s) comenzar\u00e1 un ensayo cl\u00ednico de fase 1 en septiembre con una vacuna experimental anti-Zika  para probar su inocuidad . <\/p>\n","protected":false},"excerpt":{"rendered":"<p>Un grupo de investigadores estadounidenses cre\u00f3 un clon del virus <a href=\"https:\/\/sertv.gob.pa\/nacionalfm\/crean-clon-del-zika\/\"> [&#8230;]<\/a><\/p>\n","protected":false},"author":1,"featured_media":12823,"comment_status":"closed","ping_status":"closed","sticky":false,"template":"","format":"standard","meta":{"footnotes":""},"categories":[5],"tags":[],"class_list":["post-12822","post","type-post","status-publish","format-standard","has-post-thumbnail","hentry","category-salud"],"_links":{"self":[{"href":"https:\/\/sertv.gob.pa\/nacionalfm\/wp-json\/wp\/v2\/posts\/12822","targetHints":{"allow":["GET"]}}],"collection":[{"href":"https:\/\/sertv.gob.pa\/nacionalfm\/wp-json\/wp\/v2\/posts"}],"about":[{"href":"https:\/\/sertv.gob.pa\/nacionalfm\/wp-json\/wp\/v2\/types\/post"}],"author":[{"embeddable":true,"href":"https:\/\/sertv.gob.pa\/nacionalfm\/wp-json\/wp\/v2\/users\/1"}],"replies":[{"embeddable":true,"href":"https:\/\/sertv.gob.pa\/nacionalfm\/wp-json\/wp\/v2\/comments?post=12822"}],"version-history":[{"count":0,"href":"https:\/\/sertv.gob.pa\/nacionalfm\/wp-json\/wp\/v2\/posts\/12822\/revisions"}],"wp:featuredmedia":[{"embeddable":true,"href":"https:\/\/sertv.gob.pa\/nacionalfm\/wp-json\/wp\/v2\/media\/12823"}],"wp:attachment":[{"href":"https:\/\/sertv.gob.pa\/nacionalfm\/wp-json\/wp\/v2\/media?parent=12822"}],"wp:term":[{"taxonomy":"category","embeddable":true,"href":"https:\/\/sertv.gob.pa\/nacionalfm\/wp-json\/wp\/v2\/categories?post=12822"},{"taxonomy":"post_tag","embeddable":true,"href":"https:\/\/sertv.gob.pa\/nacionalfm\/wp-json\/wp\/v2\/tags?post=12822"}],"curies":[{"name":"wp","href":"https:\/\/api.w.org\/{rel}","templated":true}]}}