{"id":12830,"date":"2016-05-18T16:33:49","date_gmt":"2016-05-18T16:33:49","guid":{"rendered":""},"modified":"2016-05-18T16:33:49","modified_gmt":"2016-05-18T16:33:49","slug":"violencia-y-vih-sida-son-causas-de-mortalidad-en-juventud-panamena","status":"publish","type":"post","link":"https:\/\/sertv.gob.pa\/nacionalfm\/violencia-y-vih-sida-son-causas-de-mortalidad-en-juventud-panamena\/","title":{"rendered":"Violencia y VIH\/sida son causas de mortalidad en juventud paname\u00f1a"},"content":{"rendered":"<p>\nLa revista cient\u00edfica  The Lancet  ha publicado una  investigaci\u00f3n  que refleja las principales causas de p\u00e9rdida de salud y de muertes en j\u00f3venes en el mundo, incluyendo datos de Panam\u00e1, desde 1990 hasta 2013. <\/p>\n<p>El estudio, en el que participaron miembros del   Instituto para la Medici\u00f3n y Evaluaci\u00f3n de la Salud de la Universidad de Washington  , Estados Unidos, es una iniciativa que se realiz\u00f3 en el marco de la  Comisi\u00f3n de The Lancet sobre la salud y el bienestar adolescente , que cont\u00f3 con el financiamiento de la  Fundaci\u00f3n Bill &#038; Melinda Gates . <\/p>\n<p>Los sujetos de estudio fueron ni\u00f1os y j\u00f3venes entre 10 a 24 a\u00f1os, quienes representan m\u00e1s del cuarto de la poblaci\u00f3n mundial (mil 800 millones de habitantes).\u00a0 <\/p>\n<p>Sobre Panam\u00e1 se hall\u00f3 que la  violencia es la principal causa de fallecimiento desde los 15 hasta los 24 a\u00f1os,  independientemente del sexo, as\u00ed como los suicidios est\u00e1n entre las cuatro primeras causales de decesos en esas edades. <\/p>\n<p>Igualmente, se encontr\u00f3 que en el pa\u00eds  la primera causa de muerte en ni\u00f1os de 10 a 14 a\u00f1os son los accidentes de tr\u00e1nsito , mientras que este motivo es la segunda raz\u00f3n por la cual j\u00f3venes entre 15 a 24 a\u00f1os pierden la vida. <\/p>\n<p>El Virus de Inmunodeficiencia Humana (  VIH ) y su etapa consecuente, el S\u00edndrome de Inmunodeficiencia Adquirida (  Sida ), se reflejan en Panam\u00e1 como una de las  primeras 10 causas de fallecimiento en j\u00f3venes entre 15 y 19 a\u00f1os , cuando antes del a\u00f1o 1990 la infecci\u00f3n no era motivo de mortalidad en esta poblaci\u00f3n. <\/p>\n<p>Sin embargo, la prevalencia del VIH\/sida disminuy\u00f3 en los j\u00f3venes de 20 a 24 a\u00f1os en 2013, pasando de ser la quinta causa de muerte a \u00a0la novena posici\u00f3n. <\/p>\n<p>Por su parte,  la enfermedad renal cr\u00f3nica se posiciona como una de las 10 primeras causales de fallecimiento en la poblaci\u00f3n entre 10 a 14 a\u00f1os en el istmo , una patolog\u00eda en 1990 no registraba esa prevalencia, mientras que en los j\u00f3venes entre 15 a 19 a\u00f1os se presenta en la s\u00e9ptima causa de decesos, as\u00ed como la quinta en el grupo de 20 a 24 a\u00f1os. <\/p>\n<p>\u00a0 <\/p>\n<p>\u00a0 <\/p>\n","protected":false},"excerpt":{"rendered":"<p>La revista cient\u00edfica The Lancet ha publicado una investigaci\u00f3n que <a href=\"https:\/\/sertv.gob.pa\/nacionalfm\/violencia-y-vih-sida-son-causas-de-mortalidad-en-juventud-panamena\/\"> [&#8230;]<\/a><\/p>\n","protected":false},"author":1,"featured_media":12831,"comment_status":"closed","ping_status":"closed","sticky":false,"template":"","format":"standard","meta":{"footnotes":""},"categories":[5],"tags":[],"class_list":["post-12830","post","type-post","status-publish","format-standard","has-post-thumbnail","hentry","category-salud"],"_links":{"self":[{"href":"https:\/\/sertv.gob.pa\/nacionalfm\/wp-json\/wp\/v2\/posts\/12830","targetHints":{"allow":["GET"]}}],"collection":[{"href":"https:\/\/sertv.gob.pa\/nacionalfm\/wp-json\/wp\/v2\/posts"}],"about":[{"href":"https:\/\/sertv.gob.pa\/nacionalfm\/wp-json\/wp\/v2\/types\/post"}],"author":[{"embeddable":true,"href":"https:\/\/sertv.gob.pa\/nacionalfm\/wp-json\/wp\/v2\/users\/1"}],"replies":[{"embeddable":true,"href":"https:\/\/sertv.gob.pa\/nacionalfm\/wp-json\/wp\/v2\/comments?post=12830"}],"version-history":[{"count":0,"href":"https:\/\/sertv.gob.pa\/nacionalfm\/wp-json\/wp\/v2\/posts\/12830\/revisions"}],"wp:featuredmedia":[{"embeddable":true,"href":"https:\/\/sertv.gob.pa\/nacionalfm\/wp-json\/wp\/v2\/media\/12831"}],"wp:attachment":[{"href":"https:\/\/sertv.gob.pa\/nacionalfm\/wp-json\/wp\/v2\/media?parent=12830"}],"wp:term":[{"taxonomy":"category","embeddable":true,"href":"https:\/\/sertv.gob.pa\/nacionalfm\/wp-json\/wp\/v2\/categories?post=12830"},{"taxonomy":"post_tag","embeddable":true,"href":"https:\/\/sertv.gob.pa\/nacionalfm\/wp-json\/wp\/v2\/tags?post=12830"}],"curies":[{"name":"wp","href":"https:\/\/api.w.org\/{rel}","templated":true}]}}