{"id":12854,"date":"2016-05-19T15:11:42","date_gmt":"2016-05-19T15:11:42","guid":{"rendered":""},"modified":"2016-05-19T15:11:42","modified_gmt":"2016-05-19T15:11:42","slug":"karol-hibber-y-atheyna-baylon-pelean-manana-baylon-en-revancha","status":"publish","type":"post","link":"https:\/\/sertv.gob.pa\/nacionalfm\/karol-hibber-y-atheyna-baylon-pelean-manana-baylon-en-revancha\/","title":{"rendered":"Karol Hibber y Atheyna Baylon pelean ma\u00f1ana, Baylon en revancha"},"content":{"rendered":"<p>\nLas boxeadoras paname\u00f1as Karol Hibber y la campeona mundial Atheyna Bylon, debutan este viernes 20 de mayo en el Campeonato Mundial de Boxeo Ol\u00edmpico Femenino que se desarrolla en Astana, Kazajist\u00e1n. <\/p>\n<p>Hibber se enfrenta a la japonesa\u00a0 Hayasi Mizusu y Bylon frente a la brasile\u00f1a Andreia Bandeira, a quien ya venci\u00f3 en duro combate por decisi\u00f3n dividida en el mes de abril, seg\u00fan nos confirm\u00f3 el presidente de la Federaci\u00f3n de Boxeo Ol\u00edmpico de Panam\u00e1, Tom\u00e1s Cianca. <\/p>\n","protected":false},"excerpt":{"rendered":"<p>Las boxeadoras paname\u00f1as Karol Hibber y la campeona mundial Atheyna <a href=\"https:\/\/sertv.gob.pa\/nacionalfm\/karol-hibber-y-atheyna-baylon-pelean-manana-baylon-en-revancha\/\"> [&#8230;]<\/a><\/p>\n","protected":false},"author":1,"featured_media":12855,"comment_status":"closed","ping_status":"closed","sticky":false,"template":"","format":"standard","meta":{"footnotes":""},"categories":[4],"tags":[],"class_list":["post-12854","post","type-post","status-publish","format-standard","has-post-thumbnail","hentry","category-deportes"],"_links":{"self":[{"href":"https:\/\/sertv.gob.pa\/nacionalfm\/wp-json\/wp\/v2\/posts\/12854","targetHints":{"allow":["GET"]}}],"collection":[{"href":"https:\/\/sertv.gob.pa\/nacionalfm\/wp-json\/wp\/v2\/posts"}],"about":[{"href":"https:\/\/sertv.gob.pa\/nacionalfm\/wp-json\/wp\/v2\/types\/post"}],"author":[{"embeddable":true,"href":"https:\/\/sertv.gob.pa\/nacionalfm\/wp-json\/wp\/v2\/users\/1"}],"replies":[{"embeddable":true,"href":"https:\/\/sertv.gob.pa\/nacionalfm\/wp-json\/wp\/v2\/comments?post=12854"}],"version-history":[{"count":0,"href":"https:\/\/sertv.gob.pa\/nacionalfm\/wp-json\/wp\/v2\/posts\/12854\/revisions"}],"wp:featuredmedia":[{"embeddable":true,"href":"https:\/\/sertv.gob.pa\/nacionalfm\/wp-json\/wp\/v2\/media\/12855"}],"wp:attachment":[{"href":"https:\/\/sertv.gob.pa\/nacionalfm\/wp-json\/wp\/v2\/media?parent=12854"}],"wp:term":[{"taxonomy":"category","embeddable":true,"href":"https:\/\/sertv.gob.pa\/nacionalfm\/wp-json\/wp\/v2\/categories?post=12854"},{"taxonomy":"post_tag","embeddable":true,"href":"https:\/\/sertv.gob.pa\/nacionalfm\/wp-json\/wp\/v2\/tags?post=12854"}],"curies":[{"name":"wp","href":"https:\/\/api.w.org\/{rel}","templated":true}]}}