{"id":12860,"date":"2016-05-19T15:27:37","date_gmt":"2016-05-19T15:27:37","guid":{"rendered":""},"modified":"2016-05-19T15:27:37","modified_gmt":"2016-05-19T15:27:37","slug":"hoy-arranca-baloncesto-unificado-de-olimpiadas-especiales","status":"publish","type":"post","link":"https:\/\/sertv.gob.pa\/nacionalfm\/hoy-arranca-baloncesto-unificado-de-olimpiadas-especiales\/","title":{"rendered":"Hoy arranca Baloncesto Unificado de Olimpiadas Especiales"},"content":{"rendered":"<p>\n Ocho equipos participan en la IV Copa Ram\u00f3n Reyes de Baloncesto Unificado de Olimpiadas Especiales , que inicia hoy 19 de mayo en David, Chiriqu\u00ed.  <\/p>\n<p> En este evento se disputar\u00e1n su pase a los pr\u00f3ximos Juegos Latinoamericanos, Panam\u00e1 2017.  <\/p>\n<p> Con un total de 80 atletas este evento se desarrollar\u00e1 hasta el 21 de mayo, 8 equipos, que se medir\u00e1n en el Gimnasio Escolar Dr. Rafael Hern\u00e1ndez, de la Ciudad de David.  <\/p>\n<p> El acto inaugural se realizar\u00e1 hoy,\u00a0 jueves 19 a las 6:00 p.m. y la jornada de juegos iniciar\u00e1 ma\u00f1ana (20 de mayo) desde las 8:00 a.m. y terminar\u00e1 el s\u00e1bado 21, con la Semifinal y Final desde las 8:00 a.m.   <\/p>\n<p> De acuerdo con el director de deportes: Gerardo Guti\u00e9rrez cada vez el n\u00famero de equipos que participan en este Torneo es mayor, lo cual es sin\u00f3nimo de que las oportunidades est\u00e1n llegando cada vez m\u00e1s personas.\u00a0 Este a\u00f1o, con la participaci\u00f3n de dos equipos de Chiriqu\u00ed y dos del IPHE de Panam\u00e1\u00a0 Oeste; Col\u00f3n, Panam\u00e1 Este, Panam\u00e1 Metro y la Escuela Vocacional Especial (EVE) tendr\u00e1n tambi\u00e9n, un equipo cada uno.\u00a0  <\/p>\n","protected":false},"excerpt":{"rendered":"<p>Ocho equipos participan en la IV Copa Ram\u00f3n Reyes de <a href=\"https:\/\/sertv.gob.pa\/nacionalfm\/hoy-arranca-baloncesto-unificado-de-olimpiadas-especiales\/\"> [&#8230;]<\/a><\/p>\n","protected":false},"author":1,"featured_media":12861,"comment_status":"closed","ping_status":"closed","sticky":false,"template":"","format":"standard","meta":{"footnotes":""},"categories":[4],"tags":[],"class_list":["post-12860","post","type-post","status-publish","format-standard","has-post-thumbnail","hentry","category-deportes"],"_links":{"self":[{"href":"https:\/\/sertv.gob.pa\/nacionalfm\/wp-json\/wp\/v2\/posts\/12860","targetHints":{"allow":["GET"]}}],"collection":[{"href":"https:\/\/sertv.gob.pa\/nacionalfm\/wp-json\/wp\/v2\/posts"}],"about":[{"href":"https:\/\/sertv.gob.pa\/nacionalfm\/wp-json\/wp\/v2\/types\/post"}],"author":[{"embeddable":true,"href":"https:\/\/sertv.gob.pa\/nacionalfm\/wp-json\/wp\/v2\/users\/1"}],"replies":[{"embeddable":true,"href":"https:\/\/sertv.gob.pa\/nacionalfm\/wp-json\/wp\/v2\/comments?post=12860"}],"version-history":[{"count":0,"href":"https:\/\/sertv.gob.pa\/nacionalfm\/wp-json\/wp\/v2\/posts\/12860\/revisions"}],"wp:featuredmedia":[{"embeddable":true,"href":"https:\/\/sertv.gob.pa\/nacionalfm\/wp-json\/wp\/v2\/media\/12861"}],"wp:attachment":[{"href":"https:\/\/sertv.gob.pa\/nacionalfm\/wp-json\/wp\/v2\/media?parent=12860"}],"wp:term":[{"taxonomy":"category","embeddable":true,"href":"https:\/\/sertv.gob.pa\/nacionalfm\/wp-json\/wp\/v2\/categories?post=12860"},{"taxonomy":"post_tag","embeddable":true,"href":"https:\/\/sertv.gob.pa\/nacionalfm\/wp-json\/wp\/v2\/tags?post=12860"}],"curies":[{"name":"wp","href":"https:\/\/api.w.org\/{rel}","templated":true}]}}