{"id":12868,"date":"2016-05-19T16:10:30","date_gmt":"2016-05-19T16:10:30","guid":{"rendered":""},"modified":"2016-05-19T16:10:30","modified_gmt":"2016-05-19T16:10:30","slug":"dia-mundial-de-la-enfermedad-inflamatoria-intestinal","status":"publish","type":"post","link":"https:\/\/sertv.gob.pa\/nacionalfm\/dia-mundial-de-la-enfermedad-inflamatoria-intestinal\/","title":{"rendered":"D\u00eda Mundial de la enfermedad inflamatoria intestinal"},"content":{"rendered":"<p>\nLa Organizaci\u00f3n Mundial de la Salud conmemora este 19 de mayo, el &ldquo;D\u00eda Mundial de la Enfermedad Inflamatoria Intestinal&rdquo;, un d\u00eda para conocer m\u00e1s sobre esta enfermedad, prevenci\u00f3n, diagn\u00f3stico y tratamiento. <\/p>\n<p>La Enfermedad Inflamatoria Intestinal (EII) es una serie de patolog\u00edas que afecta al intestino en alguno de sus tramos, inflam\u00e1ndolo de forma cr\u00f3nica. Est\u00e1 constituida por la enfermedad de Crohn, colitis ulcerativa y colitis indeterminada. <\/p>\n<p>El proceso inflamatorio es esencial de protecci\u00f3n y preservaci\u00f3n en el ser humano y se produce cuando cualquier agente externo entra en nuestro organismo. <\/p>\n<p>La colitis ulcerativa (CU) se caracteriza por la inflamaci\u00f3n y ulceraci\u00f3n de la mucosa del colon en la capa m\u00e1s interna, y que se traduce cl\u00ednicamente por diarrea con sangre, a veces severa y dolor abdominal frecuente. <\/p>\n<p>La funci\u00f3n principal del colon es absorber el exceso de agua y sales del desecho (lo que sobra despu\u00e9s de que la comida ha sido digerida). Igualmente almacena el desecho s\u00f3lido, convirti\u00e9ndolo en heces, y lo excreta por el ano. <\/p>\n<p>La inflamaci\u00f3n en la colitis ulcerativa usualmente comienza en el recto y la parte inferior del colon, pero tambi\u00e9n puede involucrar todo el colon. Cuando ocurre la inflamaci\u00f3n, las funciones primarias son afectadas, incluyendo la absorci\u00f3n de agua.\u00a0 <\/p>\n<p>Jos\u00e9 Antonio Herrera, gerente m\u00e9dico de Inmunolog\u00eda de Janssen para Centroam\u00e9rica y Caribe menciona que entre los s\u00edntomas comunes de la enfermedad est\u00e1n:\u00a0 <\/p>\n<p>diarrea <\/p>\n<p>sangrado rectal <\/p>\n<p>dolor abdominal <\/p>\n<p>tenesmo (sensaci\u00f3n constante para defecar) <\/p>\n<p>anemia <\/p>\n<p>\u00a0 <\/p>\n","protected":false},"excerpt":{"rendered":"<p>La Organizaci\u00f3n Mundial de la Salud conmemora este 19 de <a href=\"https:\/\/sertv.gob.pa\/nacionalfm\/dia-mundial-de-la-enfermedad-inflamatoria-intestinal\/\"> [&#8230;]<\/a><\/p>\n","protected":false},"author":1,"featured_media":12869,"comment_status":"closed","ping_status":"closed","sticky":false,"template":"","format":"standard","meta":{"footnotes":""},"categories":[5],"tags":[],"class_list":["post-12868","post","type-post","status-publish","format-standard","has-post-thumbnail","hentry","category-salud"],"_links":{"self":[{"href":"https:\/\/sertv.gob.pa\/nacionalfm\/wp-json\/wp\/v2\/posts\/12868","targetHints":{"allow":["GET"]}}],"collection":[{"href":"https:\/\/sertv.gob.pa\/nacionalfm\/wp-json\/wp\/v2\/posts"}],"about":[{"href":"https:\/\/sertv.gob.pa\/nacionalfm\/wp-json\/wp\/v2\/types\/post"}],"author":[{"embeddable":true,"href":"https:\/\/sertv.gob.pa\/nacionalfm\/wp-json\/wp\/v2\/users\/1"}],"replies":[{"embeddable":true,"href":"https:\/\/sertv.gob.pa\/nacionalfm\/wp-json\/wp\/v2\/comments?post=12868"}],"version-history":[{"count":0,"href":"https:\/\/sertv.gob.pa\/nacionalfm\/wp-json\/wp\/v2\/posts\/12868\/revisions"}],"wp:featuredmedia":[{"embeddable":true,"href":"https:\/\/sertv.gob.pa\/nacionalfm\/wp-json\/wp\/v2\/media\/12869"}],"wp:attachment":[{"href":"https:\/\/sertv.gob.pa\/nacionalfm\/wp-json\/wp\/v2\/media?parent=12868"}],"wp:term":[{"taxonomy":"category","embeddable":true,"href":"https:\/\/sertv.gob.pa\/nacionalfm\/wp-json\/wp\/v2\/categories?post=12868"},{"taxonomy":"post_tag","embeddable":true,"href":"https:\/\/sertv.gob.pa\/nacionalfm\/wp-json\/wp\/v2\/tags?post=12868"}],"curies":[{"name":"wp","href":"https:\/\/api.w.org\/{rel}","templated":true}]}}