{"id":12872,"date":"2016-05-19T16:21:24","date_gmt":"2016-05-19T16:21:24","guid":{"rendered":""},"modified":"2016-05-19T16:21:24","modified_gmt":"2016-05-19T16:21:24","slug":"anillo-vaginal-para-prevenir-trasmision-del-sida","status":"publish","type":"post","link":"https:\/\/sertv.gob.pa\/nacionalfm\/anillo-vaginal-para-prevenir-trasmision-del-sida\/","title":{"rendered":"Anillo vaginal para prevenir trasmisi\u00f3n del sida"},"content":{"rendered":"<p>\nEn un nuevo intento por ganar la batalla al sida, un anillo vaginal que ayuda a prevenir la trasmisi\u00f3n del virus podr\u00eda convertirse en la esperanza de millones de mujeres que viven bajo un alto riesgo de contagio, especialmente en los pa\u00edses m\u00e1s pobres. <\/p>\n<p>El anillo, que libera un f\u00e1rmaco antirretroviral, ha sido presentado por la Asociaci\u00f3n Internacional para los Microbicidas (IPM, en ingl\u00e9s), una entidad sin \u00e1nimo de lucro que participa en la conferencia internacional Women Deliver. <\/p>\n<p>&lsquo;Aunque muchos hablan de que el fin de la epidemia est\u00e1 cerca, la batalla todav\u00eda no ha terminado. Las mujeres siguen infect\u00e1ndose a niveles muy altos en \u00c1frica Subsahariana&#8217;, explic\u00f3 la directora ejecutiva de IPM, Zeda Rosenberg, quien precis\u00f3 que seis de cada diez afectados de esta regi\u00f3n son mujeres. <\/p>\n<p>El anillo de silicona, que se coloca en la vagina y debe ser sustituido cada cuatro semanas, pretende ayudar a atajar la epidemia en la regi\u00f3n, donde las mujeres de entre 15 y 24 a\u00f1os tienen el doble de posibilidades de contraer el VIH que los hombres. <\/p>\n<p>Con este nuevo m\u00e9todo, similar al anillo vaginal anticonceptivo, las mujeres pueden tomar el control sobre su salud sin necesidad de negociar con su pareja -algo que deben hacer en la mayor\u00eda de pa\u00edses en v\u00edas de desarrollo- e incluso evitar el contagio en caso de sufrir una violaci\u00f3n. <\/p>\n<p>Luego de\u00a0 efectuar varios experimentos en \u00c1frica Subsahariana para demostrar su efectividad, el anillo est\u00e1 ahora bajo un nuevo estudio -cuyos resultados se conocer\u00e1n a partir de julio- como paso previo a conseguir la aprobaci\u00f3n regulatoria que permita su venta. <\/p>\n<p>&lsquo;Si todo va perfectamente, podemos tenerlo en el mercado a finales de 2018. Nuestro objetivo es que el precio est\u00e9 por debajo de los 5 d\u00f3lares por unidad&#8217;, explic\u00f3 Rosenberg. <\/p>\n<p>\u00a0 <\/p>\n","protected":false},"excerpt":{"rendered":"<p>En un nuevo intento por ganar la batalla al sida, <a href=\"https:\/\/sertv.gob.pa\/nacionalfm\/anillo-vaginal-para-prevenir-trasmision-del-sida\/\"> [&#8230;]<\/a><\/p>\n","protected":false},"author":1,"featured_media":12873,"comment_status":"closed","ping_status":"closed","sticky":false,"template":"","format":"standard","meta":{"footnotes":""},"categories":[5],"tags":[],"class_list":["post-12872","post","type-post","status-publish","format-standard","has-post-thumbnail","hentry","category-salud"],"_links":{"self":[{"href":"https:\/\/sertv.gob.pa\/nacionalfm\/wp-json\/wp\/v2\/posts\/12872","targetHints":{"allow":["GET"]}}],"collection":[{"href":"https:\/\/sertv.gob.pa\/nacionalfm\/wp-json\/wp\/v2\/posts"}],"about":[{"href":"https:\/\/sertv.gob.pa\/nacionalfm\/wp-json\/wp\/v2\/types\/post"}],"author":[{"embeddable":true,"href":"https:\/\/sertv.gob.pa\/nacionalfm\/wp-json\/wp\/v2\/users\/1"}],"replies":[{"embeddable":true,"href":"https:\/\/sertv.gob.pa\/nacionalfm\/wp-json\/wp\/v2\/comments?post=12872"}],"version-history":[{"count":0,"href":"https:\/\/sertv.gob.pa\/nacionalfm\/wp-json\/wp\/v2\/posts\/12872\/revisions"}],"wp:featuredmedia":[{"embeddable":true,"href":"https:\/\/sertv.gob.pa\/nacionalfm\/wp-json\/wp\/v2\/media\/12873"}],"wp:attachment":[{"href":"https:\/\/sertv.gob.pa\/nacionalfm\/wp-json\/wp\/v2\/media?parent=12872"}],"wp:term":[{"taxonomy":"category","embeddable":true,"href":"https:\/\/sertv.gob.pa\/nacionalfm\/wp-json\/wp\/v2\/categories?post=12872"},{"taxonomy":"post_tag","embeddable":true,"href":"https:\/\/sertv.gob.pa\/nacionalfm\/wp-json\/wp\/v2\/tags?post=12872"}],"curies":[{"name":"wp","href":"https:\/\/api.w.org\/{rel}","templated":true}]}}