{"id":12888,"date":"2016-05-20T15:45:05","date_gmt":"2016-05-20T15:45:05","guid":{"rendered":""},"modified":"2016-05-20T15:45:05","modified_gmt":"2016-05-20T15:45:05","slug":"pierden-hibbert-y-bylon-atheyna-se-despide-de-sueno-olimpico","status":"publish","type":"post","link":"https:\/\/sertv.gob.pa\/nacionalfm\/pierden-hibbert-y-bylon-atheyna-se-despide-de-sueno-olimpico\/","title":{"rendered":"Pierden Hibbert y Bylon, Atheyna se despide de sue\u00f1o Ol\u00edmpico"},"content":{"rendered":"<p>\nKarol Hibbert y Atheyna Bylon perdieron por decisi\u00f3n un\u00e1nime, en el Campeonato Mundial de Boxeo Femenino que se desarrolla en Kazajist\u00e1n. <\/p>\n<p>Karol Hibbert perdi\u00f3 por decisi\u00f3n un\u00e1nime de los jueces ante la japonesa Hayashi Mizusu, con puntuaciones de los oficiales de 36-40, 37-39 y 37 &ndash; 39. <\/p>\n<p>Por su parte Atheyna Bylon finaliz\u00f3 el encuentro empatado con la brasile\u00f1a Andria Bandeira a quien hab\u00eda ganado en el mes de abril, pero aduciendo que Atheyna cometi\u00f3 muchos amarres y no cerr\u00f3 en forma convincente por lo que lo jueces coincidieron en darle la victoria a la brasile\u00f1a, en forma un\u00e1nime. <\/p>\n<p>De esta manera Atheyna Bylon se despide del sue\u00f1o ol\u00edmpico, debido a que el torneo proporcionaba cuatro cupos por divisiones que participan en juegos ol\u00edmpicos. <\/p>\n","protected":false},"excerpt":{"rendered":"<p>Karol Hibbert y Atheyna Bylon perdieron por decisi\u00f3n un\u00e1nime, en <a href=\"https:\/\/sertv.gob.pa\/nacionalfm\/pierden-hibbert-y-bylon-atheyna-se-despide-de-sueno-olimpico\/\"> [&#8230;]<\/a><\/p>\n","protected":false},"author":1,"featured_media":12889,"comment_status":"closed","ping_status":"closed","sticky":false,"template":"","format":"standard","meta":{"footnotes":""},"categories":[4],"tags":[],"class_list":["post-12888","post","type-post","status-publish","format-standard","has-post-thumbnail","hentry","category-deportes"],"_links":{"self":[{"href":"https:\/\/sertv.gob.pa\/nacionalfm\/wp-json\/wp\/v2\/posts\/12888","targetHints":{"allow":["GET"]}}],"collection":[{"href":"https:\/\/sertv.gob.pa\/nacionalfm\/wp-json\/wp\/v2\/posts"}],"about":[{"href":"https:\/\/sertv.gob.pa\/nacionalfm\/wp-json\/wp\/v2\/types\/post"}],"author":[{"embeddable":true,"href":"https:\/\/sertv.gob.pa\/nacionalfm\/wp-json\/wp\/v2\/users\/1"}],"replies":[{"embeddable":true,"href":"https:\/\/sertv.gob.pa\/nacionalfm\/wp-json\/wp\/v2\/comments?post=12888"}],"version-history":[{"count":0,"href":"https:\/\/sertv.gob.pa\/nacionalfm\/wp-json\/wp\/v2\/posts\/12888\/revisions"}],"wp:featuredmedia":[{"embeddable":true,"href":"https:\/\/sertv.gob.pa\/nacionalfm\/wp-json\/wp\/v2\/media\/12889"}],"wp:attachment":[{"href":"https:\/\/sertv.gob.pa\/nacionalfm\/wp-json\/wp\/v2\/media?parent=12888"}],"wp:term":[{"taxonomy":"category","embeddable":true,"href":"https:\/\/sertv.gob.pa\/nacionalfm\/wp-json\/wp\/v2\/categories?post=12888"},{"taxonomy":"post_tag","embeddable":true,"href":"https:\/\/sertv.gob.pa\/nacionalfm\/wp-json\/wp\/v2\/tags?post=12888"}],"curies":[{"name":"wp","href":"https:\/\/api.w.org\/{rel}","templated":true}]}}