{"id":12890,"date":"2016-05-20T15:45:39","date_gmt":"2016-05-20T15:45:39","guid":{"rendered":""},"modified":"2016-05-20T15:45:39","modified_gmt":"2016-05-20T15:45:39","slug":"hongo-impide-reapertura-de-hospital-24-de-dic","status":"publish","type":"post","link":"https:\/\/sertv.gob.pa\/nacionalfm\/hongo-impide-reapertura-de-hospital-24-de-dic\/","title":{"rendered":"Hongo impide reapertura de Hospital 24 de Dic."},"content":{"rendered":"<p>\nHongos y una alta humedad impiden la reapertura del hospital Irma de Lourdes Tzanetatos , localizado en la 24 de Diciembre,\u00a0 revel\u00f3\u00a0 Luis Mendieta, director de Prestaciones M\u00e9dicas de la Caja de Seguro Social (CSS). <\/p>\n<p>Mendieta explic\u00f3 que se ha detectado la\u00a0 presencia de un hongo conocido como: Aspergillus en el centro hospitalario,\u00a0 y que esto representa un\u00a0 peligro \u00a0para los pacientes\u00a0 y \u00a0el \u00a0personal. <\/p>\n<p>El Aspergillus es un g\u00e9nero de alrededor\u00a0 de 600 hongos (mohos), y es ubicuo. El Aspergillus es un hongo filamentoso (compuesto de cadenas de c\u00e9lulas, llamadas hifas). El h\u00e1bitat natural del Aspergillus son el heno y el compostaje. <\/p>\n<p>El galeno a\u00f1adi\u00f3 que ante esta situaci\u00f3n se han reforzado las medidas \u00a0de limpieza en el piso, paredes y ductos de aires acondicionados\u00a0 para poder ordenar la reapertura del hospital \u00a0<br \/>\n\u00a0 <\/p>\n<p>\u00a0 <\/p>\n","protected":false},"excerpt":{"rendered":"<p>Hongos y una alta humedad impiden la reapertura del hospital <a href=\"https:\/\/sertv.gob.pa\/nacionalfm\/hongo-impide-reapertura-de-hospital-24-de-dic\/\"> [&#8230;]<\/a><\/p>\n","protected":false},"author":1,"featured_media":12891,"comment_status":"closed","ping_status":"closed","sticky":false,"template":"","format":"standard","meta":{"footnotes":""},"categories":[5],"tags":[],"class_list":["post-12890","post","type-post","status-publish","format-standard","has-post-thumbnail","hentry","category-salud"],"_links":{"self":[{"href":"https:\/\/sertv.gob.pa\/nacionalfm\/wp-json\/wp\/v2\/posts\/12890","targetHints":{"allow":["GET"]}}],"collection":[{"href":"https:\/\/sertv.gob.pa\/nacionalfm\/wp-json\/wp\/v2\/posts"}],"about":[{"href":"https:\/\/sertv.gob.pa\/nacionalfm\/wp-json\/wp\/v2\/types\/post"}],"author":[{"embeddable":true,"href":"https:\/\/sertv.gob.pa\/nacionalfm\/wp-json\/wp\/v2\/users\/1"}],"replies":[{"embeddable":true,"href":"https:\/\/sertv.gob.pa\/nacionalfm\/wp-json\/wp\/v2\/comments?post=12890"}],"version-history":[{"count":0,"href":"https:\/\/sertv.gob.pa\/nacionalfm\/wp-json\/wp\/v2\/posts\/12890\/revisions"}],"wp:featuredmedia":[{"embeddable":true,"href":"https:\/\/sertv.gob.pa\/nacionalfm\/wp-json\/wp\/v2\/media\/12891"}],"wp:attachment":[{"href":"https:\/\/sertv.gob.pa\/nacionalfm\/wp-json\/wp\/v2\/media?parent=12890"}],"wp:term":[{"taxonomy":"category","embeddable":true,"href":"https:\/\/sertv.gob.pa\/nacionalfm\/wp-json\/wp\/v2\/categories?post=12890"},{"taxonomy":"post_tag","embeddable":true,"href":"https:\/\/sertv.gob.pa\/nacionalfm\/wp-json\/wp\/v2\/tags?post=12890"}],"curies":[{"name":"wp","href":"https:\/\/api.w.org\/{rel}","templated":true}]}}