{"id":12900,"date":"2016-05-20T16:19:31","date_gmt":"2016-05-20T16:19:31","guid":{"rendered":""},"modified":"2016-05-20T16:19:31","modified_gmt":"2016-05-20T16:19:31","slug":"farmaco-muestra-avances-contra-cancer-de-piel-letal","status":"publish","type":"post","link":"https:\/\/sertv.gob.pa\/nacionalfm\/farmaco-muestra-avances-contra-cancer-de-piel-letal\/","title":{"rendered":"F\u00e1rmaco muestra avances contra c\u00e1ncer de piel letal"},"content":{"rendered":"<p>\nUn nuevo medicamento en contra del c\u00e1ncer de piel m\u00e1s letal ayud\u00f3 a algunos pacientes a sobrevivir durante  al menos tres a\u00f1os , revel\u00f3 un estudio. <\/p>\n<p>Es un notable avance para los pacientes que, hasta hace poco, enfrentaban pron\u00f3sticos de vida de unos cuantos meses. <\/p>\n<p>Alrededor del 40% de los pacientes de melanoma que participaron en el estudio, segu\u00edan con vida tres a\u00f1os despu\u00e9s. <\/p>\n<p>Los hallazgos son para un f\u00e1rmaco comercializado por  Merck  de nombre Keytruda, que se enfoca en el sistema inmunol\u00f3gico. <\/p>\n<p>Fue uno de los tratamientos que se le dieron al expresidente  Jimmy Carter , quien el a\u00f1o pasado fue diagnosticado con melanoma, que se le esparci\u00f3 al cerebro. <\/p>\n<p>Se involucraron 655 pacientes en el estudio que fue difundido previo a la cumbre de la Sociedad de Oncolog\u00eda Cl\u00ednica de Estados Unidos, a celebrarse el mes entrante en Chicago. <\/p>\n<p>\u00a0 <\/p>\n<p>\u00a0 <\/p>\n","protected":false},"excerpt":{"rendered":"<p>Un nuevo medicamento en contra del c\u00e1ncer de piel m\u00e1s <a href=\"https:\/\/sertv.gob.pa\/nacionalfm\/farmaco-muestra-avances-contra-cancer-de-piel-letal\/\"> [&#8230;]<\/a><\/p>\n","protected":false},"author":1,"featured_media":12901,"comment_status":"closed","ping_status":"closed","sticky":false,"template":"","format":"standard","meta":{"footnotes":""},"categories":[5],"tags":[],"class_list":["post-12900","post","type-post","status-publish","format-standard","has-post-thumbnail","hentry","category-salud"],"_links":{"self":[{"href":"https:\/\/sertv.gob.pa\/nacionalfm\/wp-json\/wp\/v2\/posts\/12900","targetHints":{"allow":["GET"]}}],"collection":[{"href":"https:\/\/sertv.gob.pa\/nacionalfm\/wp-json\/wp\/v2\/posts"}],"about":[{"href":"https:\/\/sertv.gob.pa\/nacionalfm\/wp-json\/wp\/v2\/types\/post"}],"author":[{"embeddable":true,"href":"https:\/\/sertv.gob.pa\/nacionalfm\/wp-json\/wp\/v2\/users\/1"}],"replies":[{"embeddable":true,"href":"https:\/\/sertv.gob.pa\/nacionalfm\/wp-json\/wp\/v2\/comments?post=12900"}],"version-history":[{"count":0,"href":"https:\/\/sertv.gob.pa\/nacionalfm\/wp-json\/wp\/v2\/posts\/12900\/revisions"}],"wp:featuredmedia":[{"embeddable":true,"href":"https:\/\/sertv.gob.pa\/nacionalfm\/wp-json\/wp\/v2\/media\/12901"}],"wp:attachment":[{"href":"https:\/\/sertv.gob.pa\/nacionalfm\/wp-json\/wp\/v2\/media?parent=12900"}],"wp:term":[{"taxonomy":"category","embeddable":true,"href":"https:\/\/sertv.gob.pa\/nacionalfm\/wp-json\/wp\/v2\/categories?post=12900"},{"taxonomy":"post_tag","embeddable":true,"href":"https:\/\/sertv.gob.pa\/nacionalfm\/wp-json\/wp\/v2\/tags?post=12900"}],"curies":[{"name":"wp","href":"https:\/\/api.w.org\/{rel}","templated":true}]}}