{"id":12910,"date":"2016-05-20T18:07:59","date_gmt":"2016-05-20T18:07:59","guid":{"rendered":""},"modified":"2016-05-20T18:07:59","modified_gmt":"2016-05-20T18:07:59","slug":"el-domingo-inauguran-ii-juegos-deportivos-nacionales-estudiantiles","status":"publish","type":"post","link":"https:\/\/sertv.gob.pa\/nacionalfm\/el-domingo-inauguran-ii-juegos-deportivos-nacionales-estudiantiles\/","title":{"rendered":"El domingo inauguran II Juegos Deportivos Nacionales Estudiantiles"},"content":{"rendered":"<p>\nEl 22 de mayo el Ministerio de Educaci\u00f3n inaugura los II Juegos Deportivos Nacionales Estudiantiles 2016, en busca de promover el intercambio deportivo entre escuelas y colegios en cada regi\u00f3n educativa, as\u00ed como desarrollar en los estudiantes la capacidad f\u00edsica, mental, social y moral b\u00e1sica para su formaci\u00f3n integral. <\/p>\n<p> En esta versi\u00f3n participar\u00e1n m\u00e1s de 5 mil estudiantes entre primaria, premedia y media de las 15 regiones educativas del pa\u00eds en las diversas modalidades deportivas, que han clasificado de los torneos regionales como los mejores de cada provincia.  <\/p>\n<p> Seg\u00fan informe de la Direcci\u00f3n Nacional de Asuntos Estudiantiles y el Comit\u00e9 Organizador de los Juegos Deportivos, las primeras competencias a realizarse ser\u00e1n las del nivel primario\u00a0 desde el pr\u00f3ximo 22 de mayo al 2 de junio de 2016, en el cual participar\u00e1n unos 1,610 atletas en las 9 modalidades a saber: Futbol 7, Mini baloncesto, Mini voleibol, Tenis de Mesa, Ajedrez, Karate, Miniatletismo, B\u00e9isbol y Nataci\u00f3n, en las categor\u00edas de masculino y femenino.  <\/p>\n<p>La primera semana de competencia, que inicia el lunes 23 de mayo arranca \u00a0con la modalidad de mini baloncesto   y se consider\u00f3 como sedes los gimnasios del Instituto Nacional, Fermin Naudeau y el Instituto Justo Arosemena (IJA); mientras que la  nataci\u00f3n  se desarrollar\u00e1 en el Colegio International School of Panama, ubicado en San Miguelito. <\/p>\n<p> A su vez se inform\u00f3 que el   tenis de mesa   se jugar\u00e1 en el gimnasio Yuyin Luzcando de Bethania y para cerrar la semana la competencia de\u00a0 \u00a0karate\u00a0   en el gimnasio Beto Rem\u00f3n (al lado de la Loter\u00eda Nacional).  <\/p>\n<p>La segunda semana que contempla del 28 al 2 de junio se desarrollar\u00e1n los deportes de\u00a0 Futbol 7 en los campos de Andy Alonso (Parque Lefevre) y el Candela Gil (San Miguelito), mientras que el torneo de  b\u00e9isbol  se desarrollar\u00e1 en el Complejo Deportivo de Santa Marta,\u00a0 en el cuadro de Brisas del Golf y en la escuela Pedro Ameglio. <\/p>\n<p>Para el juego de voleibol se utilizar\u00e1n los gimnasios Beto Rem\u00f3n, Fermin Naudeau y el Club de Leones del Mara\u00f1\u00f3n. El Kit Atletic se desarrollar\u00e1 en el Andy Alonso de Parque Lefevre; los juegos deportivos del nivel primario concluyen con \u00a0ajedrez ,  \u00a0en el Hotel Las Cumbres, (Panam\u00e1 Norte). Todos los juegos se realizar\u00e1n en horario de 9:30 a.m. a 2:30 p.m.v\u00a0 <\/p>\n","protected":false},"excerpt":{"rendered":"<p>El 22 de mayo el Ministerio de Educaci\u00f3n inaugura los <a href=\"https:\/\/sertv.gob.pa\/nacionalfm\/el-domingo-inauguran-ii-juegos-deportivos-nacionales-estudiantiles\/\"> [&#8230;]<\/a><\/p>\n","protected":false},"author":1,"featured_media":12911,"comment_status":"closed","ping_status":"closed","sticky":false,"template":"","format":"standard","meta":{"footnotes":""},"categories":[4],"tags":[],"class_list":["post-12910","post","type-post","status-publish","format-standard","has-post-thumbnail","hentry","category-deportes"],"_links":{"self":[{"href":"https:\/\/sertv.gob.pa\/nacionalfm\/wp-json\/wp\/v2\/posts\/12910","targetHints":{"allow":["GET"]}}],"collection":[{"href":"https:\/\/sertv.gob.pa\/nacionalfm\/wp-json\/wp\/v2\/posts"}],"about":[{"href":"https:\/\/sertv.gob.pa\/nacionalfm\/wp-json\/wp\/v2\/types\/post"}],"author":[{"embeddable":true,"href":"https:\/\/sertv.gob.pa\/nacionalfm\/wp-json\/wp\/v2\/users\/1"}],"replies":[{"embeddable":true,"href":"https:\/\/sertv.gob.pa\/nacionalfm\/wp-json\/wp\/v2\/comments?post=12910"}],"version-history":[{"count":0,"href":"https:\/\/sertv.gob.pa\/nacionalfm\/wp-json\/wp\/v2\/posts\/12910\/revisions"}],"wp:featuredmedia":[{"embeddable":true,"href":"https:\/\/sertv.gob.pa\/nacionalfm\/wp-json\/wp\/v2\/media\/12911"}],"wp:attachment":[{"href":"https:\/\/sertv.gob.pa\/nacionalfm\/wp-json\/wp\/v2\/media?parent=12910"}],"wp:term":[{"taxonomy":"category","embeddable":true,"href":"https:\/\/sertv.gob.pa\/nacionalfm\/wp-json\/wp\/v2\/categories?post=12910"},{"taxonomy":"post_tag","embeddable":true,"href":"https:\/\/sertv.gob.pa\/nacionalfm\/wp-json\/wp\/v2\/tags?post=12910"}],"curies":[{"name":"wp","href":"https:\/\/api.w.org\/{rel}","templated":true}]}}