{"id":12916,"date":"2016-05-20T19:47:34","date_gmt":"2016-05-20T19:47:34","guid":{"rendered":""},"modified":"2016-05-20T19:47:34","modified_gmt":"2016-05-20T19:47:34","slug":"manana-continua-champions-kids-de-san-miguelito","status":"publish","type":"post","link":"https:\/\/sertv.gob.pa\/nacionalfm\/manana-continua-champions-kids-de-san-miguelito\/","title":{"rendered":"Ma\u00f1ana contin\u00faa Champions Kids de San Miguelito"},"content":{"rendered":"<p>\n La etapa sectorial del f\u00fatbol infantil Champions Kids, en disputa de la Copa Alcald\u00eda de San Miguelito contin\u00faa ma\u00f1ana s\u00e1bado 21 de mayo, en las ocho zonas que componen el programa de balompi\u00e9 en dos categor\u00edas.  <\/p>\n<p> El torneo ahora en su tercera fecha en los sectores de Valle de San Isidro, Valle de Urrac\u00e1, Cerro Batea, Cerro Cocobolo, Santa Librada, Santa Marta, Samaria y Pan de Az\u00facar, con transmisi\u00f3n por Cable Onda Sports este s\u00e1bado 21 de mayo en Valle de Urrac\u00e1.   <\/p>\n<p> En el recorrido por los sectores, Cerro Batea en Sub9, y La &ldquo;H&rdquo; y La Caseta en Sub11, comandan invictos con dos victorias en dos fechas la zona de Cerro Batea; mientras que en Cerro Cocobolo, Pancho Alem\u00e1n y La Paz, en Sub9, y los equipos de Villa Fortuna y Futuro, en Sub11, siguen firmes en sus condiciones igualmente de invictos en dos salidas al campo. En el sector de Pan de Az\u00facar tres equipos pasan al comando en sus dos categor\u00edas: los Sectores A, J y el E, liderizan la categor\u00eda Sub9, mientras que en la Sub11, los equipos de los Sectores A, Q y D, son los que est\u00e1n a la cabeza.   <\/p>\n<p> En Samaria, Sina\u00ed y La Iglesia llevan dos victorias para compartir el liderato de la categor\u00eda Sub9, mientras que Sector No.5 va como l\u00edder solitario de la Sub11; en tanto que en Santa Librada, la categor\u00eda Sub9 est\u00e1 bastante peleada con la Segunda Etapa como l\u00edder con apenas 4 puntos y el resto tienen diferencias de uno y dos puntos, y la Sub11 si lo encabeza en solitario la Tercera Etapa.   <\/p>\n<p> En Santa Marta, El Poderoso y Las Colinas marchan invictos en el Sub9, en tanto que La 2 Pisos lidera el Sub11, aunque con tres equipos que tienen un punto de diferencia que los separa. En Valle de San Isidro, Juventud y Calle B van invictos a la cabeza tanto del Sub9 como del Sub11; y en Valle de Urrac\u00e1, un solo sector domina en dos fechas el Sub9 y el Sub11, respectivamente, el de El Diamante.\u00a0  <\/p>\n","protected":false},"excerpt":{"rendered":"<p>La etapa sectorial del f\u00fatbol infantil Champions Kids, en disputa <a href=\"https:\/\/sertv.gob.pa\/nacionalfm\/manana-continua-champions-kids-de-san-miguelito\/\"> [&#8230;]<\/a><\/p>\n","protected":false},"author":1,"featured_media":12917,"comment_status":"closed","ping_status":"closed","sticky":false,"template":"","format":"standard","meta":{"footnotes":""},"categories":[4],"tags":[],"class_list":["post-12916","post","type-post","status-publish","format-standard","has-post-thumbnail","hentry","category-deportes"],"_links":{"self":[{"href":"https:\/\/sertv.gob.pa\/nacionalfm\/wp-json\/wp\/v2\/posts\/12916","targetHints":{"allow":["GET"]}}],"collection":[{"href":"https:\/\/sertv.gob.pa\/nacionalfm\/wp-json\/wp\/v2\/posts"}],"about":[{"href":"https:\/\/sertv.gob.pa\/nacionalfm\/wp-json\/wp\/v2\/types\/post"}],"author":[{"embeddable":true,"href":"https:\/\/sertv.gob.pa\/nacionalfm\/wp-json\/wp\/v2\/users\/1"}],"replies":[{"embeddable":true,"href":"https:\/\/sertv.gob.pa\/nacionalfm\/wp-json\/wp\/v2\/comments?post=12916"}],"version-history":[{"count":0,"href":"https:\/\/sertv.gob.pa\/nacionalfm\/wp-json\/wp\/v2\/posts\/12916\/revisions"}],"wp:featuredmedia":[{"embeddable":true,"href":"https:\/\/sertv.gob.pa\/nacionalfm\/wp-json\/wp\/v2\/media\/12917"}],"wp:attachment":[{"href":"https:\/\/sertv.gob.pa\/nacionalfm\/wp-json\/wp\/v2\/media?parent=12916"}],"wp:term":[{"taxonomy":"category","embeddable":true,"href":"https:\/\/sertv.gob.pa\/nacionalfm\/wp-json\/wp\/v2\/categories?post=12916"},{"taxonomy":"post_tag","embeddable":true,"href":"https:\/\/sertv.gob.pa\/nacionalfm\/wp-json\/wp\/v2\/tags?post=12916"}],"curies":[{"name":"wp","href":"https:\/\/api.w.org\/{rel}","templated":true}]}}