{"id":12918,"date":"2016-05-20T20:16:22","date_gmt":"2016-05-20T20:16:22","guid":{"rendered":""},"modified":"2016-05-20T20:16:22","modified_gmt":"2016-05-20T20:16:22","slug":"panama-debuta-ante-uzbekistan-en-mundial-de-futsal","status":"publish","type":"post","link":"https:\/\/sertv.gob.pa\/nacionalfm\/panama-debuta-ante-uzbekistan-en-mundial-de-futsal\/","title":{"rendered":"Panam\u00e1 debuta ante Uzbekist\u00e1n en Mundial de FUTSAL"},"content":{"rendered":"<p>\n Panam\u00e1 ubicada en el Grupo A del Campeonato Mundial de FUTSAL que se efectuar\u00e1 en Colombia, ya conoce a sus rivales para el torneo que inicia el pr\u00f3ximo 10 de septiembre.  <\/p>\n<p> Acompa\u00f1an a Panam\u00e1 en ese grupo Portugal, Uzbekist\u00e1n y Colombia, y le toca debutar el 10 de septiembre ante Uzbekist\u00e1n, equipo que termin\u00f3 segundo en la eliminatoria asi\u00e1tica.\u00a0\u00a0  <\/p>\n<p> Tres d\u00edas despu\u00e9s, los dirigidos por Agust\u00edn Campuzano se medir\u00e1n a Portugal, uno de los siete equipos europeos clasificados a la m\u00e1xima cita de esta disciplina.  <\/p>\n<p> \u00a0Finalmente, el 16 de septiembre, Panam\u00e1 se medir\u00e1 al conjunto local en el cierre de la fase de grupos.  <\/p>\n","protected":false},"excerpt":{"rendered":"<p>Panam\u00e1 ubicada en el Grupo A del Campeonato Mundial de <a href=\"https:\/\/sertv.gob.pa\/nacionalfm\/panama-debuta-ante-uzbekistan-en-mundial-de-futsal\/\"> [&#8230;]<\/a><\/p>\n","protected":false},"author":1,"featured_media":12919,"comment_status":"closed","ping_status":"closed","sticky":false,"template":"","format":"standard","meta":{"footnotes":""},"categories":[4],"tags":[],"class_list":["post-12918","post","type-post","status-publish","format-standard","has-post-thumbnail","hentry","category-deportes"],"_links":{"self":[{"href":"https:\/\/sertv.gob.pa\/nacionalfm\/wp-json\/wp\/v2\/posts\/12918","targetHints":{"allow":["GET"]}}],"collection":[{"href":"https:\/\/sertv.gob.pa\/nacionalfm\/wp-json\/wp\/v2\/posts"}],"about":[{"href":"https:\/\/sertv.gob.pa\/nacionalfm\/wp-json\/wp\/v2\/types\/post"}],"author":[{"embeddable":true,"href":"https:\/\/sertv.gob.pa\/nacionalfm\/wp-json\/wp\/v2\/users\/1"}],"replies":[{"embeddable":true,"href":"https:\/\/sertv.gob.pa\/nacionalfm\/wp-json\/wp\/v2\/comments?post=12918"}],"version-history":[{"count":0,"href":"https:\/\/sertv.gob.pa\/nacionalfm\/wp-json\/wp\/v2\/posts\/12918\/revisions"}],"wp:featuredmedia":[{"embeddable":true,"href":"https:\/\/sertv.gob.pa\/nacionalfm\/wp-json\/wp\/v2\/media\/12919"}],"wp:attachment":[{"href":"https:\/\/sertv.gob.pa\/nacionalfm\/wp-json\/wp\/v2\/media?parent=12918"}],"wp:term":[{"taxonomy":"category","embeddable":true,"href":"https:\/\/sertv.gob.pa\/nacionalfm\/wp-json\/wp\/v2\/categories?post=12918"},{"taxonomy":"post_tag","embeddable":true,"href":"https:\/\/sertv.gob.pa\/nacionalfm\/wp-json\/wp\/v2\/tags?post=12918"}],"curies":[{"name":"wp","href":"https:\/\/api.w.org\/{rel}","templated":true}]}}