{"id":12948,"date":"2016-05-23T16:33:19","date_gmt":"2016-05-23T16:33:19","guid":{"rendered":""},"modified":"2016-05-23T16:33:19","modified_gmt":"2016-05-23T16:33:19","slug":"sustancia-cancerigena-pfoa","status":"publish","type":"post","link":"https:\/\/sertv.gob.pa\/nacionalfm\/sustancia-cancerigena-pfoa\/","title":{"rendered":"Sustancia cancer\u00edgena PFOA"},"content":{"rendered":"<p>\nLas autoridades de Estados Unidos emitieron nuevos l\u00edmites m\u00e1s estrictos para la exposici\u00f3n humana a una sustancia qu\u00edmica industrial utilizada por d\u00e9cadas en productos como sartenes antiadherentes, alfombras con protecci\u00f3n contra manchas y bolsas para palomitas de microondas. <\/p>\n<p>La sustancia  cancer\u00edgena   \u00a0PFOA  se ha hallado en el agua potable de decenas de ciudades industriales cerca de f\u00e1bricas donde se elaboraba. <\/p>\n<p>DuPont, 3M y otras compa\u00f1\u00edas qu\u00edmicas de Estados Unidos han dejado de usar el PFOA en a\u00f1os recientes de manera voluntaria. <\/p>\n<p>La Agencia de Protecci\u00f3n Ambiental (EPA por sus siglas en ingl\u00e9s) emiti\u00f3 un est\u00e1ndar m\u00e1s estricto para el PFOA y para una sustancia relacionada, el PFOS, luego de a\u00f1os de presi\u00f3n por parte de grupos activistas. <\/p>\n<p>La EPA dijo que se decidi\u00f3 fijar nuevos l\u00edmites debido a recientes estudios cient\u00edficos que vinculan el PFOA y el PFOS a c\u00e1ncer testicular y renal, as\u00ed como a defectos cong\u00e9nitos y da\u00f1o hep\u00e1tico. <\/p>\n<p>\u00a0 <\/p>\n<p>\u00a0 <\/p>\n","protected":false},"excerpt":{"rendered":"<p>Las autoridades de Estados Unidos emitieron nuevos l\u00edmites m\u00e1s estrictos <a href=\"https:\/\/sertv.gob.pa\/nacionalfm\/sustancia-cancerigena-pfoa\/\"> [&#8230;]<\/a><\/p>\n","protected":false},"author":1,"featured_media":12949,"comment_status":"closed","ping_status":"closed","sticky":false,"template":"","format":"standard","meta":{"footnotes":""},"categories":[5],"tags":[],"class_list":["post-12948","post","type-post","status-publish","format-standard","has-post-thumbnail","hentry","category-salud"],"_links":{"self":[{"href":"https:\/\/sertv.gob.pa\/nacionalfm\/wp-json\/wp\/v2\/posts\/12948","targetHints":{"allow":["GET"]}}],"collection":[{"href":"https:\/\/sertv.gob.pa\/nacionalfm\/wp-json\/wp\/v2\/posts"}],"about":[{"href":"https:\/\/sertv.gob.pa\/nacionalfm\/wp-json\/wp\/v2\/types\/post"}],"author":[{"embeddable":true,"href":"https:\/\/sertv.gob.pa\/nacionalfm\/wp-json\/wp\/v2\/users\/1"}],"replies":[{"embeddable":true,"href":"https:\/\/sertv.gob.pa\/nacionalfm\/wp-json\/wp\/v2\/comments?post=12948"}],"version-history":[{"count":0,"href":"https:\/\/sertv.gob.pa\/nacionalfm\/wp-json\/wp\/v2\/posts\/12948\/revisions"}],"wp:featuredmedia":[{"embeddable":true,"href":"https:\/\/sertv.gob.pa\/nacionalfm\/wp-json\/wp\/v2\/media\/12949"}],"wp:attachment":[{"href":"https:\/\/sertv.gob.pa\/nacionalfm\/wp-json\/wp\/v2\/media?parent=12948"}],"wp:term":[{"taxonomy":"category","embeddable":true,"href":"https:\/\/sertv.gob.pa\/nacionalfm\/wp-json\/wp\/v2\/categories?post=12948"},{"taxonomy":"post_tag","embeddable":true,"href":"https:\/\/sertv.gob.pa\/nacionalfm\/wp-json\/wp\/v2\/tags?post=12948"}],"curies":[{"name":"wp","href":"https:\/\/api.w.org\/{rel}","templated":true}]}}