{"id":12950,"date":"2016-05-23T16:34:27","date_gmt":"2016-05-23T16:34:27","guid":{"rendered":""},"modified":"2016-05-23T16:34:27","modified_gmt":"2016-05-23T16:34:27","slug":"realizan-ii-open-jiu-jitsu-en-el-beto-remon","status":"publish","type":"post","link":"https:\/\/sertv.gob.pa\/nacionalfm\/realizan-ii-open-jiu-jitsu-en-el-beto-remon\/","title":{"rendered":"Realizan II Open Jiu Jitsu en \u201cEl Beto\u201d Rem\u00f3n"},"content":{"rendered":"<p>\n Este fin de semana se realiz\u00f3 el II Open Jiu Jitsu Tourmament 2016, organizado por la Asociaci\u00f3n Nacional de Artes Marciales Mixtas con el apoyo del Instituto Paname\u00f1o de Deportes, con la participaci\u00f3n de m\u00e1s de 150 atletas.  <\/p>\n<p> Entre los ganadores de esta competencia, en la categor\u00eda infantil para ni\u00f1os de 6 a\u00f1os de las 50 libras, Alec Delisle, fue el triunfador, seguido por Henry Rosas y Leo Quintero.  <\/p>\n<p> Mientras, en la juvenil de 13 a 15 a\u00f1os de las 115 lbs, Kadir Rodr\u00edguez consigui\u00f3 la victoria, por su parte, Anel De Le\u00f3n y Bryan Casas, se ubicaron en el segundo y tercer lugar, respectivamente.   <\/p>\n<p> El evento se escenific\u00f3 en el gimnasio Jos\u00e9 Alberto &ldquo;Beto&rdquo; Rem\u00f3n.  <\/p>\n","protected":false},"excerpt":{"rendered":"<p>Este fin de semana se realiz\u00f3 el II Open Jiu <a href=\"https:\/\/sertv.gob.pa\/nacionalfm\/realizan-ii-open-jiu-jitsu-en-el-beto-remon\/\"> [&#8230;]<\/a><\/p>\n","protected":false},"author":1,"featured_media":12951,"comment_status":"closed","ping_status":"closed","sticky":false,"template":"","format":"standard","meta":{"footnotes":""},"categories":[4],"tags":[],"class_list":["post-12950","post","type-post","status-publish","format-standard","has-post-thumbnail","hentry","category-deportes"],"_links":{"self":[{"href":"https:\/\/sertv.gob.pa\/nacionalfm\/wp-json\/wp\/v2\/posts\/12950","targetHints":{"allow":["GET"]}}],"collection":[{"href":"https:\/\/sertv.gob.pa\/nacionalfm\/wp-json\/wp\/v2\/posts"}],"about":[{"href":"https:\/\/sertv.gob.pa\/nacionalfm\/wp-json\/wp\/v2\/types\/post"}],"author":[{"embeddable":true,"href":"https:\/\/sertv.gob.pa\/nacionalfm\/wp-json\/wp\/v2\/users\/1"}],"replies":[{"embeddable":true,"href":"https:\/\/sertv.gob.pa\/nacionalfm\/wp-json\/wp\/v2\/comments?post=12950"}],"version-history":[{"count":0,"href":"https:\/\/sertv.gob.pa\/nacionalfm\/wp-json\/wp\/v2\/posts\/12950\/revisions"}],"wp:featuredmedia":[{"embeddable":true,"href":"https:\/\/sertv.gob.pa\/nacionalfm\/wp-json\/wp\/v2\/media\/12951"}],"wp:attachment":[{"href":"https:\/\/sertv.gob.pa\/nacionalfm\/wp-json\/wp\/v2\/media?parent=12950"}],"wp:term":[{"taxonomy":"category","embeddable":true,"href":"https:\/\/sertv.gob.pa\/nacionalfm\/wp-json\/wp\/v2\/categories?post=12950"},{"taxonomy":"post_tag","embeddable":true,"href":"https:\/\/sertv.gob.pa\/nacionalfm\/wp-json\/wp\/v2\/tags?post=12950"}],"curies":[{"name":"wp","href":"https:\/\/api.w.org\/{rel}","templated":true}]}}