{"id":12954,"date":"2016-05-23T17:18:41","date_gmt":"2016-05-23T17:18:41","guid":{"rendered":""},"modified":"2016-05-23T17:18:41","modified_gmt":"2016-05-23T17:18:41","slug":"san-miguelito-se-corona-campeon-nacional-de-futbol-playa","status":"publish","type":"post","link":"https:\/\/sertv.gob.pa\/nacionalfm\/san-miguelito-se-corona-campeon-nacional-de-futbol-playa\/","title":{"rendered":"San Miguelito se corona Campe\u00f3n Nacional de F\u00fatbol Playa"},"content":{"rendered":"<p>\n El primer campe\u00f3n F\u00fatbol Playa fue San Miguelio al vencer por marcador de 5-1 a Cocl\u00e9 en la final que se jug\u00f3 en Macaracas, Los Santos.  <\/p>\n<p> Alfonso McKenzie fue la\u00a0figura de la final pues anot\u00f3 tres de los cinco goles de los hoy campeones. Carlos Moya y Joseph Wood anotaron los otros dos tantos.  <\/p>\n<p> Por Cocl\u00e9 anot\u00f3 Rafael Garc\u00eda.  <\/p>\n<p> Entre los premios individuales, Eduardo Herrera de Veraguas fue el m\u00e1ximo anotador con 10 goles, Adalberto Guzm\u00e1n de San Miguelito el portero menos vencido y el fair play se lo llev\u00f3 el once de Cocl\u00e9.  <\/p>\n<p> \u00a0  <\/p>\n","protected":false},"excerpt":{"rendered":"<p>El primer campe\u00f3n F\u00fatbol Playa fue San Miguelio al vencer <a href=\"https:\/\/sertv.gob.pa\/nacionalfm\/san-miguelito-se-corona-campeon-nacional-de-futbol-playa\/\"> [&#8230;]<\/a><\/p>\n","protected":false},"author":1,"featured_media":12955,"comment_status":"closed","ping_status":"closed","sticky":false,"template":"","format":"standard","meta":{"footnotes":""},"categories":[4],"tags":[],"class_list":["post-12954","post","type-post","status-publish","format-standard","has-post-thumbnail","hentry","category-deportes"],"_links":{"self":[{"href":"https:\/\/sertv.gob.pa\/nacionalfm\/wp-json\/wp\/v2\/posts\/12954","targetHints":{"allow":["GET"]}}],"collection":[{"href":"https:\/\/sertv.gob.pa\/nacionalfm\/wp-json\/wp\/v2\/posts"}],"about":[{"href":"https:\/\/sertv.gob.pa\/nacionalfm\/wp-json\/wp\/v2\/types\/post"}],"author":[{"embeddable":true,"href":"https:\/\/sertv.gob.pa\/nacionalfm\/wp-json\/wp\/v2\/users\/1"}],"replies":[{"embeddable":true,"href":"https:\/\/sertv.gob.pa\/nacionalfm\/wp-json\/wp\/v2\/comments?post=12954"}],"version-history":[{"count":0,"href":"https:\/\/sertv.gob.pa\/nacionalfm\/wp-json\/wp\/v2\/posts\/12954\/revisions"}],"wp:featuredmedia":[{"embeddable":true,"href":"https:\/\/sertv.gob.pa\/nacionalfm\/wp-json\/wp\/v2\/media\/12955"}],"wp:attachment":[{"href":"https:\/\/sertv.gob.pa\/nacionalfm\/wp-json\/wp\/v2\/media?parent=12954"}],"wp:term":[{"taxonomy":"category","embeddable":true,"href":"https:\/\/sertv.gob.pa\/nacionalfm\/wp-json\/wp\/v2\/categories?post=12954"},{"taxonomy":"post_tag","embeddable":true,"href":"https:\/\/sertv.gob.pa\/nacionalfm\/wp-json\/wp\/v2\/tags?post=12954"}],"curies":[{"name":"wp","href":"https:\/\/api.w.org\/{rel}","templated":true}]}}