{"id":12964,"date":"2016-05-23T20:05:29","date_gmt":"2016-05-23T20:05:29","guid":{"rendered":""},"modified":"2016-05-23T20:05:29","modified_gmt":"2016-05-23T20:05:29","slug":"plaza-vuelve-al-campeonato-nacional-de-la-lpf","status":"publish","type":"post","link":"https:\/\/sertv.gob.pa\/nacionalfm\/plaza-vuelve-al-campeonato-nacional-de-la-lpf\/","title":{"rendered":"Plaza vuelve al Campeonato Nacional de la LPF"},"content":{"rendered":"<p>\n &ldquo;El Equipo del Pueblo&rdquo; el Plaza Amador volvi\u00f3 a los m\u00e1s alto del p\u00f3dium, luego de varios a\u00f1os de lucha, al alcanzar su sexto campeonato, al vencer al Chorrillo con la m\u00ednima diferencia de 1-0.  <\/p>\n<p> Al minuto 25 en jugada de tiro de esquina, Ernesto Sinclair de cabeza, puso el gol para la algarab\u00eda de la barra placina apostada en el sector este del estadio Rommel Fern\u00e1ndez.  <\/p>\n<p> Plaza Amador de esta manera consigui\u00f3 su t\u00edtulo seis, el t\u00edtulo que esperaba todo el barrio de Plaza Amador.  <\/p>\n","protected":false},"excerpt":{"rendered":"<p>&ldquo;El Equipo del Pueblo&rdquo; el Plaza Amador volvi\u00f3 a los <a href=\"https:\/\/sertv.gob.pa\/nacionalfm\/plaza-vuelve-al-campeonato-nacional-de-la-lpf\/\"> [&#8230;]<\/a><\/p>\n","protected":false},"author":1,"featured_media":12965,"comment_status":"closed","ping_status":"closed","sticky":false,"template":"","format":"standard","meta":{"footnotes":""},"categories":[4],"tags":[],"class_list":["post-12964","post","type-post","status-publish","format-standard","has-post-thumbnail","hentry","category-deportes"],"_links":{"self":[{"href":"https:\/\/sertv.gob.pa\/nacionalfm\/wp-json\/wp\/v2\/posts\/12964","targetHints":{"allow":["GET"]}}],"collection":[{"href":"https:\/\/sertv.gob.pa\/nacionalfm\/wp-json\/wp\/v2\/posts"}],"about":[{"href":"https:\/\/sertv.gob.pa\/nacionalfm\/wp-json\/wp\/v2\/types\/post"}],"author":[{"embeddable":true,"href":"https:\/\/sertv.gob.pa\/nacionalfm\/wp-json\/wp\/v2\/users\/1"}],"replies":[{"embeddable":true,"href":"https:\/\/sertv.gob.pa\/nacionalfm\/wp-json\/wp\/v2\/comments?post=12964"}],"version-history":[{"count":0,"href":"https:\/\/sertv.gob.pa\/nacionalfm\/wp-json\/wp\/v2\/posts\/12964\/revisions"}],"wp:featuredmedia":[{"embeddable":true,"href":"https:\/\/sertv.gob.pa\/nacionalfm\/wp-json\/wp\/v2\/media\/12965"}],"wp:attachment":[{"href":"https:\/\/sertv.gob.pa\/nacionalfm\/wp-json\/wp\/v2\/media?parent=12964"}],"wp:term":[{"taxonomy":"category","embeddable":true,"href":"https:\/\/sertv.gob.pa\/nacionalfm\/wp-json\/wp\/v2\/categories?post=12964"},{"taxonomy":"post_tag","embeddable":true,"href":"https:\/\/sertv.gob.pa\/nacionalfm\/wp-json\/wp\/v2\/tags?post=12964"}],"curies":[{"name":"wp","href":"https:\/\/api.w.org\/{rel}","templated":true}]}}