{"id":12966,"date":"2016-05-23T20:19:02","date_gmt":"2016-05-23T20:19:02","guid":{"rendered":""},"modified":"2016-05-23T20:19:02","modified_gmt":"2016-05-23T20:19:02","slug":"niegan-recurso-para-juicio-directo-a-pelenchin-caballero","status":"publish","type":"post","link":"https:\/\/sertv.gob.pa\/nacionalfm\/niegan-recurso-para-juicio-directo-a-pelenchin-caballero\/","title":{"rendered":"Niegan recurso para juicio directo a \u201cPelench\u00edn\u201d Caballero"},"content":{"rendered":"<p>\nLas autoridades judiciales volvieron a negar la posibilidad de un juicio directo al ex boxeador Celestino &ldquo;Pelench\u00edn&rdquo; Caballero, acusado del delito relacionado con drogas, luego que fuese detenido el pasado 10 de marzo con 10 kilos de coca\u00edna en la autopista Panam\u00e1- Col\u00f3n. <\/p>\n<p>Esta vez, el\u00a0 Juzgado Primero Penal rechaz\u00f3 por improcedente un incidente de controversia que present\u00f3 V\u00edctor \u00a0Orobio, abogado de Caballero, que pretend\u00eda se acogiese la petici\u00f3n de ir a juicio directo. <\/p>\n<p>El recurso legal fue presentado por Orobio con la intenci\u00f3n de que se cambiase una decisi\u00f3n de la Fiscal\u00eda Primera de Drogas, que el 15 de abril de este a\u00f1o, le neg\u00f3 la solicitud de ir a juicio directo. <\/p>\n<p>Markel Mora, fiscal primero de drogas, estim\u00f3 que para que haya un juicio directo debe existir una solicitud conjunta entre su persona y \u00abPelench\u00edn\u00bb Caballero. \u00a0 <\/p>\n<p>Mora ha ordenado diligencias para determinar quien envi\u00f3 la droga y quien la recibir\u00eda en Col\u00f3n y por esa raz\u00f3n no est\u00e1 de acuerdo con el juicio directo. <\/p>\n<p>El exboxeador\u00a0pretend\u00eda agilizar el proceso, ir directamente a juicio y obtener una pena de prisi\u00f3n m\u00e1s baja. \u00a0Caballero se declar\u00f3 culpable por el cargamento de droga y se encuentra detenido preventivamente en la sede de la Polic\u00eda Nacional (PN) en Anc\u00f3n. <\/p>\n","protected":false},"excerpt":{"rendered":"<p>Las autoridades judiciales volvieron a negar la posibilidad de un <a href=\"https:\/\/sertv.gob.pa\/nacionalfm\/niegan-recurso-para-juicio-directo-a-pelenchin-caballero\/\"> [&#8230;]<\/a><\/p>\n","protected":false},"author":1,"featured_media":12967,"comment_status":"closed","ping_status":"closed","sticky":false,"template":"","format":"standard","meta":{"footnotes":""},"categories":[4],"tags":[],"class_list":["post-12966","post","type-post","status-publish","format-standard","has-post-thumbnail","hentry","category-deportes"],"_links":{"self":[{"href":"https:\/\/sertv.gob.pa\/nacionalfm\/wp-json\/wp\/v2\/posts\/12966","targetHints":{"allow":["GET"]}}],"collection":[{"href":"https:\/\/sertv.gob.pa\/nacionalfm\/wp-json\/wp\/v2\/posts"}],"about":[{"href":"https:\/\/sertv.gob.pa\/nacionalfm\/wp-json\/wp\/v2\/types\/post"}],"author":[{"embeddable":true,"href":"https:\/\/sertv.gob.pa\/nacionalfm\/wp-json\/wp\/v2\/users\/1"}],"replies":[{"embeddable":true,"href":"https:\/\/sertv.gob.pa\/nacionalfm\/wp-json\/wp\/v2\/comments?post=12966"}],"version-history":[{"count":0,"href":"https:\/\/sertv.gob.pa\/nacionalfm\/wp-json\/wp\/v2\/posts\/12966\/revisions"}],"wp:featuredmedia":[{"embeddable":true,"href":"https:\/\/sertv.gob.pa\/nacionalfm\/wp-json\/wp\/v2\/media\/12967"}],"wp:attachment":[{"href":"https:\/\/sertv.gob.pa\/nacionalfm\/wp-json\/wp\/v2\/media?parent=12966"}],"wp:term":[{"taxonomy":"category","embeddable":true,"href":"https:\/\/sertv.gob.pa\/nacionalfm\/wp-json\/wp\/v2\/categories?post=12966"},{"taxonomy":"post_tag","embeddable":true,"href":"https:\/\/sertv.gob.pa\/nacionalfm\/wp-json\/wp\/v2\/tags?post=12966"}],"curies":[{"name":"wp","href":"https:\/\/api.w.org\/{rel}","templated":true}]}}