{"id":12968,"date":"2016-05-23T20:33:15","date_gmt":"2016-05-23T20:33:15","guid":{"rendered":""},"modified":"2016-05-23T20:33:15","modified_gmt":"2016-05-23T20:33:15","slug":"celebran-liga-master-municipal-de-natacion","status":"publish","type":"post","link":"https:\/\/sertv.gob.pa\/nacionalfm\/celebran-liga-master-municipal-de-natacion\/","title":{"rendered":"Celebran Liga Master Municipal de Nataci\u00f3n"},"content":{"rendered":"<p>\n Con la participaci\u00f3n de m\u00e1s de 400 personas, entre nadadores, jueces, organizadores y p\u00fablico se realiz\u00f3 este fin de semana, s\u00e1bado y domingo, las competencias de la Liga Master Municipal de Nataci\u00f3n, en la piscina de Villa C\u00e1ceres.  <\/p>\n<p> Los competidores de los 23 corregimientos del distrito capital y adem\u00e1s de representantes de las provincias de Panam\u00e1 Oeste\u00a0y Col\u00f3n, compiten en varios estilos y sus edades van desde los 18 a los 93 a\u00f1os, ramas masculina y femenina participan en su segunda competencia de este a\u00f1o. En la actividad reinaba la camarader\u00eda, entusiasmo y buena voluntad.  <\/p>\n<p> El profesor Jaime Smith, jefe de las piscinas municipales y competidor de la liga, indic\u00f3 que esta es una competencia de la Liga Master de Nataci\u00f3n que lleva a cabo la Alcald\u00eda de Panam\u00e1 con el prop\u00f3sito de incluir a los adultos j\u00f3venes, mediana edad y mayores en una actividad sana, divertida y que repercute positivamente sobre su salud f\u00edsica y mental.  <\/p>\n","protected":false},"excerpt":{"rendered":"<p>Con la participaci\u00f3n de m\u00e1s de 400 personas, entre nadadores, <a href=\"https:\/\/sertv.gob.pa\/nacionalfm\/celebran-liga-master-municipal-de-natacion\/\"> [&#8230;]<\/a><\/p>\n","protected":false},"author":1,"featured_media":12969,"comment_status":"closed","ping_status":"closed","sticky":false,"template":"","format":"standard","meta":{"footnotes":""},"categories":[4],"tags":[],"class_list":["post-12968","post","type-post","status-publish","format-standard","has-post-thumbnail","hentry","category-deportes"],"_links":{"self":[{"href":"https:\/\/sertv.gob.pa\/nacionalfm\/wp-json\/wp\/v2\/posts\/12968","targetHints":{"allow":["GET"]}}],"collection":[{"href":"https:\/\/sertv.gob.pa\/nacionalfm\/wp-json\/wp\/v2\/posts"}],"about":[{"href":"https:\/\/sertv.gob.pa\/nacionalfm\/wp-json\/wp\/v2\/types\/post"}],"author":[{"embeddable":true,"href":"https:\/\/sertv.gob.pa\/nacionalfm\/wp-json\/wp\/v2\/users\/1"}],"replies":[{"embeddable":true,"href":"https:\/\/sertv.gob.pa\/nacionalfm\/wp-json\/wp\/v2\/comments?post=12968"}],"version-history":[{"count":0,"href":"https:\/\/sertv.gob.pa\/nacionalfm\/wp-json\/wp\/v2\/posts\/12968\/revisions"}],"wp:featuredmedia":[{"embeddable":true,"href":"https:\/\/sertv.gob.pa\/nacionalfm\/wp-json\/wp\/v2\/media\/12969"}],"wp:attachment":[{"href":"https:\/\/sertv.gob.pa\/nacionalfm\/wp-json\/wp\/v2\/media?parent=12968"}],"wp:term":[{"taxonomy":"category","embeddable":true,"href":"https:\/\/sertv.gob.pa\/nacionalfm\/wp-json\/wp\/v2\/categories?post=12968"},{"taxonomy":"post_tag","embeddable":true,"href":"https:\/\/sertv.gob.pa\/nacionalfm\/wp-json\/wp\/v2\/tags?post=12968"}],"curies":[{"name":"wp","href":"https:\/\/api.w.org\/{rel}","templated":true}]}}