{"id":12984,"date":"2016-05-24T16:21:52","date_gmt":"2016-05-24T16:21:52","guid":{"rendered":""},"modified":"2016-05-24T16:21:52","modified_gmt":"2016-05-24T16:21:52","slug":"apertura-de-minsa-capsi-en-pedasi","status":"publish","type":"post","link":"https:\/\/sertv.gob.pa\/nacionalfm\/apertura-de-minsa-capsi-en-pedasi\/","title":{"rendered":"Apertura de Minsa-Capsi en Pedas\u00ed"},"content":{"rendered":"<p>\nTras 8 meses de haberse inaugurado el Minsa Capsi de Pedas\u00ed, se fija como fecha de inicio de labores para el pr\u00f3ximo 17 de junio. <\/p>\n<p>Germ\u00e1n Sol\u00eds, nuevo director regional de Salud en Los Santos, inform\u00f3 que se tiene prevista esta fecha, pero se necesitar\u00e1, por espacio de unos 25 d\u00edas, apoyo con carros cisterna de agua, para suplir este centro de atenci\u00f3n m\u00e9dica. <\/p>\n<p>El hecho se debe a que uno de los problemas que se confront\u00f3 fue el de tuber\u00edas, que se espera sea subsanado en un mes. <\/p>\n<p>\u00a0 <\/p>\n","protected":false},"excerpt":{"rendered":"<p>Tras 8 meses de haberse inaugurado el Minsa Capsi de <a href=\"https:\/\/sertv.gob.pa\/nacionalfm\/apertura-de-minsa-capsi-en-pedasi\/\"> [&#8230;]<\/a><\/p>\n","protected":false},"author":1,"featured_media":12985,"comment_status":"closed","ping_status":"closed","sticky":false,"template":"","format":"standard","meta":{"footnotes":""},"categories":[5],"tags":[],"class_list":["post-12984","post","type-post","status-publish","format-standard","has-post-thumbnail","hentry","category-salud"],"_links":{"self":[{"href":"https:\/\/sertv.gob.pa\/nacionalfm\/wp-json\/wp\/v2\/posts\/12984","targetHints":{"allow":["GET"]}}],"collection":[{"href":"https:\/\/sertv.gob.pa\/nacionalfm\/wp-json\/wp\/v2\/posts"}],"about":[{"href":"https:\/\/sertv.gob.pa\/nacionalfm\/wp-json\/wp\/v2\/types\/post"}],"author":[{"embeddable":true,"href":"https:\/\/sertv.gob.pa\/nacionalfm\/wp-json\/wp\/v2\/users\/1"}],"replies":[{"embeddable":true,"href":"https:\/\/sertv.gob.pa\/nacionalfm\/wp-json\/wp\/v2\/comments?post=12984"}],"version-history":[{"count":0,"href":"https:\/\/sertv.gob.pa\/nacionalfm\/wp-json\/wp\/v2\/posts\/12984\/revisions"}],"wp:featuredmedia":[{"embeddable":true,"href":"https:\/\/sertv.gob.pa\/nacionalfm\/wp-json\/wp\/v2\/media\/12985"}],"wp:attachment":[{"href":"https:\/\/sertv.gob.pa\/nacionalfm\/wp-json\/wp\/v2\/media?parent=12984"}],"wp:term":[{"taxonomy":"category","embeddable":true,"href":"https:\/\/sertv.gob.pa\/nacionalfm\/wp-json\/wp\/v2\/categories?post=12984"},{"taxonomy":"post_tag","embeddable":true,"href":"https:\/\/sertv.gob.pa\/nacionalfm\/wp-json\/wp\/v2\/tags?post=12984"}],"curies":[{"name":"wp","href":"https:\/\/api.w.org\/{rel}","templated":true}]}}