{"id":12986,"date":"2016-05-24T16:27:42","date_gmt":"2016-05-24T16:27:42","guid":{"rendered":""},"modified":"2016-05-24T16:27:42","modified_gmt":"2016-05-24T16:27:42","slug":"puertorriquenos-tienen-que-esperar-un-ano-por-una-cita-medica","status":"publish","type":"post","link":"https:\/\/sertv.gob.pa\/nacionalfm\/puertorriquenos-tienen-que-esperar-un-ano-por-una-cita-medica\/","title":{"rendered":"Puertorrique\u00f1os tienen que esperar un a\u00f1o por una cita m\u00e9dica"},"content":{"rendered":"<p>\nLa crisis econ\u00f3mica que arrastra Puerto Rico desde hace 10 a\u00f1os ha provocado un \u00e9xodo masivo de m\u00e9dicos especialistas, lo que hace que muchos puertorrique\u00f1os residentes en la isla tengan que esperar hasta un a\u00f1o para ser atendidos. <\/p>\n<p>&lsquo;El saber que una persona tiene que esperar por una cita hasta junio del 2017 me ocasiona mucho estr\u00e9s&#8217;, reconoci\u00f3 ayer en entrevista con Efe el cirujano ortopeda de columna vertebral, Fernando Villamil. <\/p>\n<p>\u00a0 <\/p>\n","protected":false},"excerpt":{"rendered":"<p>La crisis econ\u00f3mica que arrastra Puerto Rico desde hace 10 <a href=\"https:\/\/sertv.gob.pa\/nacionalfm\/puertorriquenos-tienen-que-esperar-un-ano-por-una-cita-medica\/\"> [&#8230;]<\/a><\/p>\n","protected":false},"author":1,"featured_media":12987,"comment_status":"closed","ping_status":"closed","sticky":false,"template":"","format":"standard","meta":{"footnotes":""},"categories":[5],"tags":[],"class_list":["post-12986","post","type-post","status-publish","format-standard","has-post-thumbnail","hentry","category-salud"],"_links":{"self":[{"href":"https:\/\/sertv.gob.pa\/nacionalfm\/wp-json\/wp\/v2\/posts\/12986","targetHints":{"allow":["GET"]}}],"collection":[{"href":"https:\/\/sertv.gob.pa\/nacionalfm\/wp-json\/wp\/v2\/posts"}],"about":[{"href":"https:\/\/sertv.gob.pa\/nacionalfm\/wp-json\/wp\/v2\/types\/post"}],"author":[{"embeddable":true,"href":"https:\/\/sertv.gob.pa\/nacionalfm\/wp-json\/wp\/v2\/users\/1"}],"replies":[{"embeddable":true,"href":"https:\/\/sertv.gob.pa\/nacionalfm\/wp-json\/wp\/v2\/comments?post=12986"}],"version-history":[{"count":0,"href":"https:\/\/sertv.gob.pa\/nacionalfm\/wp-json\/wp\/v2\/posts\/12986\/revisions"}],"wp:featuredmedia":[{"embeddable":true,"href":"https:\/\/sertv.gob.pa\/nacionalfm\/wp-json\/wp\/v2\/media\/12987"}],"wp:attachment":[{"href":"https:\/\/sertv.gob.pa\/nacionalfm\/wp-json\/wp\/v2\/media?parent=12986"}],"wp:term":[{"taxonomy":"category","embeddable":true,"href":"https:\/\/sertv.gob.pa\/nacionalfm\/wp-json\/wp\/v2\/categories?post=12986"},{"taxonomy":"post_tag","embeddable":true,"href":"https:\/\/sertv.gob.pa\/nacionalfm\/wp-json\/wp\/v2\/tags?post=12986"}],"curies":[{"name":"wp","href":"https:\/\/api.w.org\/{rel}","templated":true}]}}