{"id":13034,"date":"2016-05-25T19:34:56","date_gmt":"2016-05-25T19:34:56","guid":{"rendered":""},"modified":"2016-05-25T19:34:56","modified_gmt":"2016-05-25T19:34:56","slug":"dayana-cordero-dicta-charla-motivadora-en-caucasia-colombia","status":"publish","type":"post","link":"https:\/\/sertv.gob.pa\/nacionalfm\/dayana-cordero-dicta-charla-motivadora-en-caucasia-colombia\/","title":{"rendered":"Dayana Cordero dicta charla motivadora en Caucasia, Colombia"},"content":{"rendered":"<p>\nLa campeona interina de los pesos gallos, la colombiana radicada en Panam\u00e1, Dayana &ldquo;Diamante&rdquo; Cordero ofreci\u00f3 una charla motivadora a los muchachos del barrio El Camello 2 de Caucasia, Colombia, luego de retener recientemente el t\u00edtulo recientemente al noquear a la mexicana Maribel Ram\u00edrez. <\/p>\n<p>&ldquo;Lo mejor de la fama es servir a los dem\u00e1s y hacer labor social. Hoy (el s\u00e1bado pasado) compartimos con los ni\u00f1os del barrio El Cammelo en Caucasia: KO a las drogas AMB, \u00a1surgir s\u00ed se puede!&rdquo;, manifest\u00f3 &ldquo;Diamante&rdquo; Cordero a trav\u00e9s de sus redes sociales. <\/p>\n<p>Cordero gan\u00f3 el t\u00edtulo interino en enero pasado, \u00a0en M\u00e9xico al vencer por K.O. en cuatro asaltos a la paname\u00f1a Sayda &ldquo;La Bomba&rdquo; Mosquera. <\/p>\n<p>Dayana Cordero entrena en Panam\u00e1 bajo la direcci\u00f3n Ricardo &ldquo;El Maestrito&rdquo; C\u00f3rdoba, quien la lleg\u00f3 al campeonato mundial y de esa manera se convirti\u00f3 en el primer paname\u00f1o en haber sido campe\u00f3n mundial y lograrlo tambi\u00e9n como entrenador. <\/p>\n","protected":false},"excerpt":{"rendered":"<p>La campeona interina de los pesos gallos, la colombiana radicada <a href=\"https:\/\/sertv.gob.pa\/nacionalfm\/dayana-cordero-dicta-charla-motivadora-en-caucasia-colombia\/\"> [&#8230;]<\/a><\/p>\n","protected":false},"author":1,"featured_media":13035,"comment_status":"closed","ping_status":"closed","sticky":false,"template":"","format":"standard","meta":{"footnotes":""},"categories":[4],"tags":[],"class_list":["post-13034","post","type-post","status-publish","format-standard","has-post-thumbnail","hentry","category-deportes"],"_links":{"self":[{"href":"https:\/\/sertv.gob.pa\/nacionalfm\/wp-json\/wp\/v2\/posts\/13034","targetHints":{"allow":["GET"]}}],"collection":[{"href":"https:\/\/sertv.gob.pa\/nacionalfm\/wp-json\/wp\/v2\/posts"}],"about":[{"href":"https:\/\/sertv.gob.pa\/nacionalfm\/wp-json\/wp\/v2\/types\/post"}],"author":[{"embeddable":true,"href":"https:\/\/sertv.gob.pa\/nacionalfm\/wp-json\/wp\/v2\/users\/1"}],"replies":[{"embeddable":true,"href":"https:\/\/sertv.gob.pa\/nacionalfm\/wp-json\/wp\/v2\/comments?post=13034"}],"version-history":[{"count":0,"href":"https:\/\/sertv.gob.pa\/nacionalfm\/wp-json\/wp\/v2\/posts\/13034\/revisions"}],"wp:featuredmedia":[{"embeddable":true,"href":"https:\/\/sertv.gob.pa\/nacionalfm\/wp-json\/wp\/v2\/media\/13035"}],"wp:attachment":[{"href":"https:\/\/sertv.gob.pa\/nacionalfm\/wp-json\/wp\/v2\/media?parent=13034"}],"wp:term":[{"taxonomy":"category","embeddable":true,"href":"https:\/\/sertv.gob.pa\/nacionalfm\/wp-json\/wp\/v2\/categories?post=13034"},{"taxonomy":"post_tag","embeddable":true,"href":"https:\/\/sertv.gob.pa\/nacionalfm\/wp-json\/wp\/v2\/tags?post=13034"}],"curies":[{"name":"wp","href":"https:\/\/api.w.org\/{rel}","templated":true}]}}